{"id":10825,"date":"2022-03-23T17:47:58","date_gmt":"2022-03-23T20:47:58","guid":{"rendered":"http:\/\/dgospel.com.br\/portal\/?p=10825"},"modified":"2022-03-23T17:47:59","modified_gmt":"2022-03-23T20:47:59","slug":"em-entrevista-a-radio-do-segmento-evangelico-wanderlei-barbosa-fala-dos-desafios-da-gestao-e-reitera-compromisso-com-o-povo-tocantinense","status":"publish","type":"post","link":"https:\/\/dgospel.com.br\/portal\/index.php\/2022\/03\/23\/em-entrevista-a-radio-do-segmento-evangelico-wanderlei-barbosa-fala-dos-desafios-da-gestao-e-reitera-compromisso-com-o-povo-tocantinense\/","title":{"rendered":"Em entrevista a r\u00e1dio do segmento evang\u00e9lico, Wanderlei Barbosa fala dos desafios da gest\u00e3o e reitera compromisso com o povo tocantinense"},"content":{"rendered":"\n<p>A convite de membros da Igreja Universal, o governador do Tocantins, Wanderlei Barbosa, participou nesta quarta-feira, 23, de um caf\u00e9 da manh\u00e3 na Catedral da Igreja Universal, em Palmas, com pastores e fi\u00e9is. O Governador concedeu uma entrevista no programa de r\u00e1dio Ponto de F\u00e9, transmitido na 90.5 FM, Rede Aleluia, localizada na sede da igreja.<\/p>\n\n\n\n<p>Durante a entrevista, o governador Wanderlei Barbosa falou dos desafios da gest\u00e3o estadual e deixou uma mensagem de f\u00e9 para o p\u00fablico. \u201cTemos muito o que fazer na \u00e1rea da educa\u00e7\u00e3o, da sa\u00fade, da infraestrutura e em todas as \u00e1reas. Vamos fazer sempre respeitando o equil\u00edbrio fiscal, mas principalmente, focando em benef\u00edcios para o povo tocantinense. Tenham certeza de que essa gest\u00e3o \u00e9 de f\u00e9, de esperan\u00e7a, de comprometimento e austeridade\u201d, ressaltou o Governador.<\/p>\n\n\n\n<p>Na oportunidade, o Governador conheceu as instala\u00e7\u00f5es do templo religioso, constru\u00eddo na Capital no ano de 2019, com v\u00e1rios espa\u00e7os internos dentre escrit\u00f3rios, secretarias, salas para aulas b\u00edblicas e ora\u00e7\u00f5es, \u00e1rea infantil, est\u00fadio para grava\u00e7\u00f5es audiovisuais, al\u00e9m do sal\u00e3o central para celebra\u00e7\u00f5es religiosas.<\/p>\n\n\n\n<p>Acompanharam o Governador, o secret\u00e1rio de Estado da Comunica\u00e7\u00e3o, Luiz Celso; e o secret\u00e1rio da Governadoria, C\u00e9sar Halum. O governador Wanderlei Barbosa e a equipe receberam, ainda, ora\u00e7\u00f5es e un\u00e7\u00f5es do Bispo Alessandre Freitas no sal\u00e3o central, onde s\u00e3o celebrados os cultos com os fi\u00e9is.&nbsp;<\/p>\n\n\n\n<figure class=\"wp-block-image\"><img src=\"https:\/\/central.to.gov.br\/image\/284139?w=670&amp;h=383\" alt=\"\"\/><\/figure>\n\n\n\n<p>Wanderlei Barbosa falou dos desafios da gest\u00e3o e deixou uma mensagem de f\u00e9 para o p\u00fablico &#8211; Washington Luiz\/Governo do Tocantins.<\/p>\n\n\n\n<figure class=\"wp-block-image\"><img src=\"https:\/\/central.to.gov.br\/image\/284140?w=670&amp;h=383\" alt=\"\"\/><\/figure>\n\n\n\n<p>Na oportunidade, o Governador conheceu as instala\u00e7\u00f5es do templo religioso, constru\u00eddo na Capital no ano de 2019 &#8211; Washington Luiz\/Governo do Tocantins\n\n<\/p>\n","protected":false},"excerpt":{"rendered":"<p>A convite de membros da Igreja Universal, o governador do Tocantins, Wanderlei Barbosa, participou nesta quarta-feira, 23, de um caf\u00e9 da manh\u00e3 na Catedral da Igreja Universal, em Palmas, com pastores e fi\u00e9is. O Governador concedeu uma entrevista no programa de r\u00e1dio Ponto de F\u00e9, transmitido na 90.5 FM, Rede Aleluia, localizada na sede da [&hellip;]<\/p>\n","protected":false},"author":2,"featured_media":10826,"comment_status":"open","ping_status":"open","sticky":false,"template":"","format":"standard","meta":[],"categories":[3],"tags":[13],"_links":{"self":[{"href":"https:\/\/dgospel.com.br\/portal\/index.php\/wp-json\/wp\/v2\/posts\/10825"}],"collection":[{"href":"https:\/\/dgospel.com.br\/portal\/index.php\/wp-json\/wp\/v2\/posts"}],"about":[{"href":"https:\/\/dgospel.com.br\/portal\/index.php\/wp-json\/wp\/v2\/types\/post"}],"author":[{"embeddable":true,"href":"https:\/\/dgospel.com.br\/portal\/index.php\/wp-json\/wp\/v2\/users\/2"}],"replies":[{"embeddable":true,"href":"https:\/\/dgospel.com.br\/portal\/index.php\/wp-json\/wp\/v2\/comments?post=10825"}],"version-history":[{"count":1,"href":"https:\/\/dgospel.com.br\/portal\/index.php\/wp-json\/wp\/v2\/posts\/10825\/revisions"}],"predecessor-version":[{"id":10827,"href":"https:\/\/dgospel.com.br\/portal\/index.php\/wp-json\/wp\/v2\/posts\/10825\/revisions\/10827"}],"wp:featuredmedia":[{"embeddable":true,"href":"https:\/\/dgospel.com.br\/portal\/index.php\/wp-json\/wp\/v2\/media\/10826"}],"wp:attachment":[{"href":"https:\/\/dgospel.com.br\/portal\/index.php\/wp-json\/wp\/v2\/media?parent=10825"}],"wp:term":[{"taxonomy":"category","embeddable":true,"href":"https:\/\/dgospel.com.br\/portal\/index.php\/wp-json\/wp\/v2\/categories?post=10825"},{"taxonomy":"post_tag","embeddable":true,"href":"https:\/\/dgospel.com.br\/portal\/index.php\/wp-json\/wp\/v2\/tags?post=10825"}],"curies":[{"name":"wp","href":"https:\/\/api.w.org\/{rel}","templated":true}]}}