{"id":10831,"date":"2022-03-23T21:40:08","date_gmt":"2022-03-24T00:40:08","guid":{"rendered":"http:\/\/dgospel.com.br\/portal\/?p=10831"},"modified":"2022-03-23T21:40:10","modified_gmt":"2022-03-24T00:40:10","slug":"atacante-e-goleiro-do-vasco-se-batizam-na-igreja-batista-atitude","status":"publish","type":"post","link":"https:\/\/dgospel.com.br\/portal\/index.php\/2022\/03\/23\/atacante-e-goleiro-do-vasco-se-batizam-na-igreja-batista-atitude\/","title":{"rendered":"Atacante e goleiro do Vasco se batizam na Igreja Batista Atitude"},"content":{"rendered":"\n<p>O atacante Gabriel Pec e o goleiro Halls, ambos do Vasco, se batizaram na Igreja Batista Atitude, da Barra da Tijuca, Rio de Janeiro. No Instagram, os jogadores comemoraram a nova fase de suas vidas.<\/p>\n\n\n\n<p>\u2013 Uma nova hist\u00f3ria Deus tem pra mim. Renasci para honra e gl\u00f3ria do seu nome Senhor. Quero agradecer aqui a todos que participaram desse momento comigo saibam que voc\u00eas sempre v\u00e3o estar guardados no meu cora\u00e7\u00e3o amor voc\u00eas \u2013 escreveu Halls.<\/p>\n\n\n\n<p>Gabriel, que no in\u00edcio do m\u00eas teve o contrato com o cruzmaltino renovado at\u00e9 dezembro de 2016, tamb\u00e9m festejou. O batismo aconteceu no \u00faltimo s\u00e1bado (19).<\/p>\n\n\n\n<p>\u2013 Hoje tomei a melhor decis\u00e3o da minha vida. Morri pro mundo e nasci pra Deus! Quero agradecer a todos que fizeram parte disso e desse momento!! Dizer que amo voc\u00eas! Toda honra e toda gl\u00f3ria sejam dadas a Ti, Senhor \u2013 postou Gabriel.<\/p>\n\n\n\n<figure class=\"wp-block-image\"><img src=\"https:\/\/static.cdn.pleno.news\/2022\/03\/276003012_371197351529663_8853395635059940087_n-768x819.jpg\" alt=\"Gabriel Pec se batiza na Igreja Batista Atitude\"\/><figcaption>Gabriel Pec se batiza na Igreja Batista Atitude&nbsp;\/ Foto: Arquivo pessoal<\/figcaption><\/figure>\n\n\n\n<figure class=\"wp-block-image\"><img src=\"https:\/\/static.cdn.pleno.news\/2022\/03\/276095165_544796663549296_6857139159956432706_n-768x818.jpg\" alt=\"Gabriel Pec se batiza na Igreja Batista Atitude\"\/><figcaption>Gabriel Pec se batiza na Igreja Batista Atitude&nbsp;\/ Foto: Arquivo pessoal<\/figcaption><\/figure>\n\n\n\n<figure class=\"wp-block-image\"><img src=\"https:\/\/static.cdn.pleno.news\/2022\/03\/275974413_508656754242962_8990127770833082667_n-768x818.jpg\" alt=\"Gabriel Pec se batiza na Igreja Batista Atitude\"\/><figcaption>Gabriel Pec se batiza na Igreja Batista Atitude&nbsp;\/ Foto: Arquivo pessoal<\/figcaption><\/figure>\n\n\n\n<figure class=\"wp-block-image\"><img src=\"https:\/\/static.cdn.pleno.news\/2022\/03\/275969114_263460892521220_3828258091400888044_n-768x819.jpg\" alt=\"Gabriel Pec se batiza na Igreja Batista Atitude\"\/><figcaption>Gabriel Pec se batiza na Igreja Batista Atitude&nbsp;\/ Foto: Arquivo pessoal<\/figcaption><\/figure>\n\n\n\n<figure class=\"wp-block-image\"><img src=\"https:\/\/static.cdn.pleno.news\/2022\/03\/276107222_277325954564076_389148710113849088_n-768x819.jpg\" alt=\"Gabriel Pec se batiza na Igreja Batista Atitude\"\/><figcaption>Gabriel Pec se batiza na Igreja Batista Atitude&nbsp;\/ Foto: Arquivo pessoal<\/figcaption><\/figure>\n\n\n\n<figure class=\"wp-block-image\"><img src=\"https:\/\/static.cdn.pleno.news\/2022\/03\/276025018_542482090617198_994959994175899840_n-768x819.jpg\" alt=\"Gabriel Pec se batiza na Igreja Batista Atitude\"\/><figcaption>Gabriel Pec se batiza na Igreja Batista Atitude&nbsp;\/ Foto: Arquivo pessoal<\/figcaption><\/figure>\n\n\n\n<figure class=\"wp-block-image\"><img src=\"https:\/\/static.cdn.pleno.news\/2022\/03\/276103374_783495516390091_6861990694345926779_n-768x819.jpg\" alt=\"Gabriel Pec se batiza na Igreja Batista Atitude\"\/><figcaption>Gabriel Pec se batiza na Igreja Batista Atitude&nbsp;\/ Foto: Arquivo pessoal<\/figcaption><\/figure>\n\n\n\n<figure class=\"wp-block-image\"><img src=\"https:\/\/static.cdn.pleno.news\/2022\/03\/275967391_2252289418274115_6351259774775520722_n-768x818.jpg\" alt=\"Gabriel Pec se batiza na Igreja Batista Atitude\"\/><figcaption>Gabriel Pec se batiza na Igreja Batista Atitude&nbsp;\/ Foto: Arquivo pessoal<\/figcaption><\/figure>\n\n\n\n<figure class=\"wp-block-image\"><img src=\"https:\/\/static.cdn.pleno.news\/2022\/03\/275950389_1013133002744817_6540674436429367976_n-768x957.jpg\" alt=\"Halls  se batiza na Igreja Batista Atitude\"\/><figcaption>Halls se batiza na Igreja Batista Atitude&nbsp;\/ Foto: Arquivo pessoal<\/figcaption><\/figure>\n\n\n\n<figure class=\"wp-block-image\"><img src=\"https:\/\/static.cdn.pleno.news\/2022\/03\/275986168_1484084121987490_8202547022385671058_n-768x960.jpg\" alt=\"Halls  se batiza na Igreja Batista Atitude\"\/><figcaption>Halls se batiza na Igreja Batista Atitude&nbsp;\/ Foto: Arquivo pessoal<\/figcaption><\/figure>\n\n\n\n<figure class=\"wp-block-image\"><img src=\"https:\/\/static.cdn.pleno.news\/2022\/03\/276079840_483165613313606_2253764251074352702_n-768x961.jpg\" alt=\"Halls  se batiza na Igreja Batista Atitude\"\/><figcaption>Halls se batiza na Igreja Batista Atitude&nbsp;\/ Foto: Arquivo pessoal<\/figcaption><\/figure>\n\n\n\n<figure class=\"wp-block-image\"><img src=\"https:\/\/static.cdn.pleno.news\/2022\/03\/276141049_3300393316859344_8317476732057846487_n-768x961.jpg\" alt=\"Halls  se batiza na Igreja Batista Atitude\"\/><figcaption>Halls se batiza na Igreja Batista Atitude&nbsp;\/ Foto: Arquivo pessoal<\/figcaption><\/figure>\n\n\n\n<figure class=\"wp-block-image\"><img src=\"https:\/\/static.cdn.pleno.news\/2022\/03\/276037383_567297750909398_8733771353355316107_n-768x960.jpg\" alt=\"Halls  se batiza na Igreja Batista Atitude\"\/><figcaption>Halls se batiza na Igreja Batista Atitude&nbsp;\/ Foto: Arquivo pessoal<\/figcaption><\/figure>\n\n\n\n<figure class=\"wp-block-image\"><img src=\"https:\/\/static.cdn.pleno.news\/2022\/03\/275972361_701533097642395_7444065957549010055_n-768x960.jpg\" alt=\"Halls  se batiza na Igreja Batista Atitude\"\/><figcaption>Halls se batiza na Igreja Batista Atitude&nbsp;\/ Foto: Arquivo pessoal<\/figcaption><\/figure>\n\n\n\n<ul><li>1&nbsp;de 14<\/li><\/ul>\n\n\n\n<p><\/p>\n","protected":false},"excerpt":{"rendered":"<p>O atacante Gabriel Pec e o goleiro Halls, ambos do Vasco, se batizaram na Igreja Batista Atitude, da Barra da Tijuca, Rio de Janeiro. No Instagram, os jogadores comemoraram a nova fase de suas vidas. \u2013 Uma nova hist\u00f3ria Deus tem pra mim. Renasci para honra e gl\u00f3ria do seu nome Senhor. Quero agradecer aqui [&hellip;]<\/p>\n","protected":false},"author":2,"featured_media":10832,"comment_status":"open","ping_status":"open","sticky":false,"template":"","format":"standard","meta":[],"categories":[17,5],"tags":[],"_links":{"self":[{"href":"https:\/\/dgospel.com.br\/portal\/index.php\/wp-json\/wp\/v2\/posts\/10831"}],"collection":[{"href":"https:\/\/dgospel.com.br\/portal\/index.php\/wp-json\/wp\/v2\/posts"}],"about":[{"href":"https:\/\/dgospel.com.br\/portal\/index.php\/wp-json\/wp\/v2\/types\/post"}],"author":[{"embeddable":true,"href":"https:\/\/dgospel.com.br\/portal\/index.php\/wp-json\/wp\/v2\/users\/2"}],"replies":[{"embeddable":true,"href":"https:\/\/dgospel.com.br\/portal\/index.php\/wp-json\/wp\/v2\/comments?post=10831"}],"version-history":[{"count":1,"href":"https:\/\/dgospel.com.br\/portal\/index.php\/wp-json\/wp\/v2\/posts\/10831\/revisions"}],"predecessor-version":[{"id":10833,"href":"https:\/\/dgospel.com.br\/portal\/index.php\/wp-json\/wp\/v2\/posts\/10831\/revisions\/10833"}],"wp:featuredmedia":[{"embeddable":true,"href":"https:\/\/dgospel.com.br\/portal\/index.php\/wp-json\/wp\/v2\/media\/10832"}],"wp:attachment":[{"href":"https:\/\/dgospel.com.br\/portal\/index.php\/wp-json\/wp\/v2\/media?parent=10831"}],"wp:term":[{"taxonomy":"category","embeddable":true,"href":"https:\/\/dgospel.com.br\/portal\/index.php\/wp-json\/wp\/v2\/categories?post=10831"},{"taxonomy":"post_tag","embeddable":true,"href":"https:\/\/dgospel.com.br\/portal\/index.php\/wp-json\/wp\/v2\/tags?post=10831"}],"curies":[{"name":"wp","href":"https:\/\/api.w.org\/{rel}","templated":true}]}}