{"id":10834,"date":"2022-03-23T21:46:04","date_gmt":"2022-03-24T00:46:04","guid":{"rendered":"http:\/\/dgospel.com.br\/portal\/?p=10834"},"modified":"2022-03-23T21:46:06","modified_gmt":"2022-03-24T00:46:06","slug":"cassiane-vai-comemorar-40-anos-de-carreira-com-dvd-ao-vivo","status":"publish","type":"post","link":"https:\/\/dgospel.com.br\/portal\/index.php\/2022\/03\/23\/cassiane-vai-comemorar-40-anos-de-carreira-com-dvd-ao-vivo\/","title":{"rendered":"Cassiane vai comemorar 40 anos de carreira com DVD ao vivo"},"content":{"rendered":"\n<p>\n\nPara comemorar quatro d\u00e9cadas de uma carreira de sucesso, Cassiane vai gravar o DVD Cassiane 40 anos. A celebra\u00e7\u00e3o acontecer\u00e1 em dois dias, 5 e 7 de abril, \u00e0s 21h, na ADAlpha Church, em Alphaville, S\u00e3o Paulo. A igreja \u00e9 pastoreada pela cantora e seu esposo, o produtor musical e tamb\u00e9m cantor Jairo Manh\u00e3es.\n\n<\/p>\n\n\n\n<figure class=\"wp-block-image\"><img src=\"https:\/\/static.cdn.pleno.news\/2022\/03\/WhatsApp-Image-2022-03-22-at-09.03.22-1-819x1024.jpeg\" alt=\"\" class=\"wp-image-917335\"\/><figcaption>Cassiane 40 anos&nbsp;Foto: Divulga\u00e7\u00e3o<\/figcaption><\/figure>\n\n\n\n<p>\u2013 Eu estou nervosa, ansiosa, mas estou lan\u00e7ando sobre Ele toda a minha ansiedade. \u00c9 Ele que cuida de mim \u2013 afirmou Cassiane.<\/p>\n\n\n\n<p>Cassiane e a gravadora MK Music est\u00e3o em pr\u00e9-produ\u00e7\u00e3o e trabalham em todos os detalhes da grava\u00e7\u00e3o, que ser\u00e1 aberta ao p\u00fablico. No repert\u00f3rio estar\u00e3o can\u00e7\u00f5es que fizeram hist\u00f3ria na m\u00fasica crist\u00e3 como&nbsp;<em>Hino da Vit\u00f3ria<\/em>,&nbsp;<em>500 Grau<\/em>s e&nbsp;<em>Com Muito Louvor<\/em>. A grava\u00e7\u00e3o tamb\u00e9m ter\u00e1 participa\u00e7\u00f5es especiais que ainda est\u00e3o mantidas em segredo.<\/p>\n\n\n\n<p><\/p>\n","protected":false},"excerpt":{"rendered":"<p>Para comemorar quatro d\u00e9cadas de uma carreira de sucesso, Cassiane vai gravar o DVD Cassiane 40 anos. A celebra\u00e7\u00e3o acontecer\u00e1 em dois dias, 5 e 7 de abril, \u00e0s 21h, na ADAlpha Church, em Alphaville, S\u00e3o Paulo. A igreja \u00e9 pastoreada pela cantora e seu esposo, o produtor musical e tamb\u00e9m cantor Jairo Manh\u00e3es. \u2013 [&hellip;]<\/p>\n","protected":false},"author":2,"featured_media":10835,"comment_status":"open","ping_status":"open","sticky":false,"template":"","format":"standard","meta":[],"categories":[17,5],"tags":[],"_links":{"self":[{"href":"https:\/\/dgospel.com.br\/portal\/index.php\/wp-json\/wp\/v2\/posts\/10834"}],"collection":[{"href":"https:\/\/dgospel.com.br\/portal\/index.php\/wp-json\/wp\/v2\/posts"}],"about":[{"href":"https:\/\/dgospel.com.br\/portal\/index.php\/wp-json\/wp\/v2\/types\/post"}],"author":[{"embeddable":true,"href":"https:\/\/dgospel.com.br\/portal\/index.php\/wp-json\/wp\/v2\/users\/2"}],"replies":[{"embeddable":true,"href":"https:\/\/dgospel.com.br\/portal\/index.php\/wp-json\/wp\/v2\/comments?post=10834"}],"version-history":[{"count":1,"href":"https:\/\/dgospel.com.br\/portal\/index.php\/wp-json\/wp\/v2\/posts\/10834\/revisions"}],"predecessor-version":[{"id":10836,"href":"https:\/\/dgospel.com.br\/portal\/index.php\/wp-json\/wp\/v2\/posts\/10834\/revisions\/10836"}],"wp:featuredmedia":[{"embeddable":true,"href":"https:\/\/dgospel.com.br\/portal\/index.php\/wp-json\/wp\/v2\/media\/10835"}],"wp:attachment":[{"href":"https:\/\/dgospel.com.br\/portal\/index.php\/wp-json\/wp\/v2\/media?parent=10834"}],"wp:term":[{"taxonomy":"category","embeddable":true,"href":"https:\/\/dgospel.com.br\/portal\/index.php\/wp-json\/wp\/v2\/categories?post=10834"},{"taxonomy":"post_tag","embeddable":true,"href":"https:\/\/dgospel.com.br\/portal\/index.php\/wp-json\/wp\/v2\/tags?post=10834"}],"curies":[{"name":"wp","href":"https:\/\/api.w.org\/{rel}","templated":true}]}}