{"id":10840,"date":"2022-03-25T10:25:40","date_gmt":"2022-03-25T13:25:40","guid":{"rendered":"http:\/\/dgospel.com.br\/portal\/?p=10840"},"modified":"2022-03-25T10:25:42","modified_gmt":"2022-03-25T13:25:42","slug":"entidade-evangelica-relata-a-onu-que-cristaos-afegaos-vivem-em-fuga-do-taliba","status":"publish","type":"post","link":"https:\/\/dgospel.com.br\/portal\/index.php\/2022\/03\/25\/entidade-evangelica-relata-a-onu-que-cristaos-afegaos-vivem-em-fuga-do-taliba\/","title":{"rendered":"Entidade evang\u00e9lica relata \u00e0 ONU que crist\u00e3os afeg\u00e3os vivem em fuga do Talib\u00e3"},"content":{"rendered":"\n<p> Crist\u00e3os afeg\u00e3os t\u00eam se escondido para fugir da opress\u00e3o do regime Talib\u00e3, que retornou ao poder ap\u00f3s a debandada das For\u00e7as Armadas dos Estados Unidos, determinada pelo presidente Joe Biden. <\/p>\n\n\n\n<p>A Alian\u00e7a Evang\u00e9lica Mundial (WEA) participou da 49\u00aa sess\u00e3o do Conselho de Direitos Humanos das Na\u00e7\u00f5es Unidas e denunciou a persegui\u00e7\u00e3o enfrentada pelos crist\u00e3os afeg\u00e3os ap\u00f3s a reviravolta no pa\u00eds.<\/p>\n\n\n\n<p>A WEA representa 600 milh\u00f5es de crist\u00e3os em todo o mundo trabalha h\u00e1 muito tempo na quest\u00e3o da&nbsp;liberdade religiosa&nbsp;para os fi\u00e9is onde o cristianismo \u00e9 minoria. Na ONU, a WEA alertou \u2013 em uma declara\u00e7\u00e3o conjunta com a Alian\u00e7a Batista Mundial e a Campanha do Jubileu \u2013 que \u201cas minorias religiosas no Afeganist\u00e3o est\u00e3o amea\u00e7adas\u201d.<\/p>\n\n\n\n<p>\u201cMilhares de afeg\u00e3os que abra\u00e7aram a f\u00e9 crist\u00e3 est\u00e3o se escondendo com medo desde\u00a0agosto do ano passado\u201d, detalhou o comunicado, de acordo com informa\u00e7\u00f5es do portal\u00a0<a rel=\"noreferrer noopener\" target=\"_blank\" href=\"https:\/\/evangelicalfocus.com\/world\/16021\/since-summer-2021-thousands-of-afghans-who-espoused-the-christian-faith-are-hiding-in-fear\"><em>Evangelical Focus<\/em><\/a>.<\/p>\n\n\n\n<p>Foi feito um pedido ao Escrit\u00f3rio do Alto Comissariado para os Direitos Humanos que \u201cmonitorasse de perto\u201d a situa\u00e7\u00e3o das minorias religiosas:<\/p>\n\n\n\n<p>\u201cEstamos ansiosos para trabalhar com o Relator Especial sobre a situa\u00e7\u00e3o dos direitos humanos no Afeganist\u00e3o.&nbsp;Recomendamos manter um forte pilar&nbsp;de direitos humanos da Miss\u00e3o de Assist\u00eancia das Na\u00e7\u00f5es Unidas para apoiar o Relator Especial no monitoramento cont\u00ednuo dos direitos humanos, especificamente dos direitos das mulheres e das minorias\u201d.<\/p>\n\n\n\n<p>Markus Hofer, representante da WEA, tamb\u00e9m colocou o foco em \u201cmilhares de afeg\u00e3os que evacuados [para escapar do Talib\u00e3] est\u00e3o retidos nos Emirados \u00c1rabes Unidos e no Catar\u201d.<\/p>\n\n\n\n<p>\u201cApelamos aos governos para que agilizem o processo de reassentamento e que outros governos concordem em receber refugiados para reassentamento\u201d, acrescentou.<\/p>\n\n\n\n<p> Uma resolu\u00e7\u00e3o do Conselho de Seguran\u00e7a das Na\u00e7\u00f5es Unidas permite o fornecimento de ajuda humanit\u00e1ria, mas \u201cas isen\u00e7\u00f5es n\u00e3o s\u00e3o efetivas [e] a falta de liquidez limita a capacidade das igrejas e organiza\u00e7\u00f5es humanit\u00e1rias de chegar \u00e0s pessoas necessitadas\u201d, conclui o comunicado. <\/p>\n\n\n\n<figure class=\"wp-block-embed-youtube wp-block-embed is-type-video is-provider-youtube wp-embed-aspect-16-9 wp-has-aspect-ratio\"><div class=\"wp-block-embed__wrapper\">\n<iframe loading=\"lazy\" title=\"Afghanistan: Call for monitoring the situation of religious minorities, women, children and refugees\" width=\"630\" height=\"354\" src=\"https:\/\/www.youtube.com\/embed\/Tm6LXQhMts0?start=8&#038;feature=oembed\" frameborder=\"0\" allow=\"accelerometer; autoplay; clipboard-write; encrypted-media; gyroscope; picture-in-picture\" allowfullscreen><\/iframe>\n<\/div><\/figure>\n\n\n\n<h2>\u00c1sia<\/h2>\n\n\n\n<p>Na mesma sess\u00e3o, a WEA tamb\u00e9m abordou a opress\u00e3o causada por leis em pa\u00edses asi\u00e1ticos que violam o direito humano \u00e0 liberdade religiosa, como Nepal, \u00cdndia, Mianmar, But\u00e3o e Sri Lanka.<\/p>\n\n\n\n<p>\u201cNo&nbsp;Nepal, em novembro de 2021, um&nbsp;pastor evang\u00e9lico foi condenado a dois anos&nbsp;de pris\u00e3o por violar a lei anticonvers\u00e3o do Nepal\u201d, disse Markus Hofer ao Conselho de Direitos Humanos da ONU.<\/p>\n\n\n\n<p>\u201cNa\u00a0\u00cdndia\u00a0, mais estados adotaram e planejam adotar legisla\u00e7\u00e3o anticonvers\u00e3o.\u00a0Mianmar\u00a0e But\u00e3o tamb\u00e9m regulam severamente a convers\u00e3o religiosa, e h\u00e1 apelos no Sri Lanka para promulgar tais leis\u201d, protestou Hofer.<\/p>\n\n\n\n\n\n<p>Ele denunciou que \u201cos governos usam essas leis para perseguir as minorias religiosas\u201d, o que viola liberdades&nbsp;e serve \u201cde pretexto para a&nbsp;viol\u00eancia das turbas\u201d.<\/p>\n\n\n\n<p>\u201cApelamos ao Alto Comiss\u00e1rio para incluir a promulga\u00e7\u00e3o e uso indevido de leis anticonvers\u00e3o, al\u00e9m de leis de apostasia e blasf\u00eamia, em futuras atualiza\u00e7\u00f5es deste estimado Conselho\u201d, reiterou Hofer.<\/p>\n\n\n\n<p>Em rela\u00e7\u00e3o ao\u00a0Sri Lanka,\u00a0a Alian\u00e7a Evang\u00e9lica Mundial cobrou que o governo local desista de exigir qualquer forma de registro de locais de culto\u00a0e investigue os casos das v\u00edtimas dos\u00a0<a href=\"https:\/\/noticias.gospelmais.com.br\/sri-lanka-5-precisa-saber-atentado-domingo-112013.html\"><strong>atentados do domingo de P\u00e1scoa<\/strong><\/a>\u00a0de 2019, que mataram 270 pessoas.<\/p>\n\n\n\n<p><\/p>\n","protected":false},"excerpt":{"rendered":"<p>Crist\u00e3os afeg\u00e3os t\u00eam se escondido para fugir da opress\u00e3o do regime Talib\u00e3, que retornou ao poder ap\u00f3s a debandada das For\u00e7as Armadas dos Estados Unidos, determinada pelo presidente Joe Biden. A Alian\u00e7a Evang\u00e9lica Mundial (WEA) participou da 49\u00aa sess\u00e3o do Conselho de Direitos Humanos das Na\u00e7\u00f5es Unidas e denunciou a persegui\u00e7\u00e3o enfrentada pelos crist\u00e3os afeg\u00e3os [&hellip;]<\/p>\n","protected":false},"author":2,"featured_media":10841,"comment_status":"open","ping_status":"open","sticky":false,"template":"","format":"standard","meta":[],"categories":[5,1],"tags":[],"_links":{"self":[{"href":"https:\/\/dgospel.com.br\/portal\/index.php\/wp-json\/wp\/v2\/posts\/10840"}],"collection":[{"href":"https:\/\/dgospel.com.br\/portal\/index.php\/wp-json\/wp\/v2\/posts"}],"about":[{"href":"https:\/\/dgospel.com.br\/portal\/index.php\/wp-json\/wp\/v2\/types\/post"}],"author":[{"embeddable":true,"href":"https:\/\/dgospel.com.br\/portal\/index.php\/wp-json\/wp\/v2\/users\/2"}],"replies":[{"embeddable":true,"href":"https:\/\/dgospel.com.br\/portal\/index.php\/wp-json\/wp\/v2\/comments?post=10840"}],"version-history":[{"count":1,"href":"https:\/\/dgospel.com.br\/portal\/index.php\/wp-json\/wp\/v2\/posts\/10840\/revisions"}],"predecessor-version":[{"id":10842,"href":"https:\/\/dgospel.com.br\/portal\/index.php\/wp-json\/wp\/v2\/posts\/10840\/revisions\/10842"}],"wp:featuredmedia":[{"embeddable":true,"href":"https:\/\/dgospel.com.br\/portal\/index.php\/wp-json\/wp\/v2\/media\/10841"}],"wp:attachment":[{"href":"https:\/\/dgospel.com.br\/portal\/index.php\/wp-json\/wp\/v2\/media?parent=10840"}],"wp:term":[{"taxonomy":"category","embeddable":true,"href":"https:\/\/dgospel.com.br\/portal\/index.php\/wp-json\/wp\/v2\/categories?post=10840"},{"taxonomy":"post_tag","embeddable":true,"href":"https:\/\/dgospel.com.br\/portal\/index.php\/wp-json\/wp\/v2\/tags?post=10840"}],"curies":[{"name":"wp","href":"https:\/\/api.w.org\/{rel}","templated":true}]}}