{"id":10843,"date":"2022-03-25T10:34:45","date_gmt":"2022-03-25T13:34:45","guid":{"rendered":"http:\/\/dgospel.com.br\/portal\/?p=10843"},"modified":"2022-03-25T10:34:46","modified_gmt":"2022-03-25T13:34:46","slug":"wanderlei-barbosa-assina-projeto-de-lei-que-autoriza-alienacao-de-lotes-de-projetos-de-irrigacao","status":"publish","type":"post","link":"https:\/\/dgospel.com.br\/portal\/index.php\/2022\/03\/25\/wanderlei-barbosa-assina-projeto-de-lei-que-autoriza-alienacao-de-lotes-de-projetos-de-irrigacao\/","title":{"rendered":"Wanderlei Barbosa assina Projeto de Lei que autoriza aliena\u00e7\u00e3o de lotes de Projetos de Irriga\u00e7\u00e3o"},"content":{"rendered":"\n<p>O governador do Estado do Tocantins, Wanderlei Barbosa, assinou na manh\u00e3 desta quinta-feira, 24, Projeto de Lei que autoriza a aliena\u00e7\u00e3o dos lotes dos Projetos de Irriga\u00e7\u00e3o. Os titulares da Secretaria de Estado da Infraestrutura, Jairo Mariano; e da Secretaria Extraordin\u00e1ria de Parcerias P\u00fablico-Privadas, Ricardo Ayres, tamb\u00e9m participaram da cerim\u00f4nia de assinatura que ocorreu no gabinete do governador, no Pal\u00e1cio Araguaia.<\/p>\n\n\n\n<p>Com essa a\u00e7\u00e3o, o Governo do Tocantins pretende dar novos incentivos ao desenvolvimento e \u00e0 ocupa\u00e7\u00e3o dos per\u00edmetros p\u00fablicos de irriga\u00e7\u00e3o S\u00e3o Jo\u00e3o, localizado entre Palmas e Porto Nacional; e no Manuel Alves, entre Porto Alegre do Tocantins e Dian\u00f3polis. Ao todo, os projetos p\u00fablicos de irriga\u00e7\u00e3o possuem mais de 550 lotes e esse projeto ir\u00e1 beneficiar, diretamente, cerca de 150 irrigantes.<\/p>\n\n\n\n<p>Para o irrigante do Projeto S\u00e3o Jo\u00e3o, C\u00edcero Gomes de S\u00e1, a aprova\u00e7\u00e3o desse Projeto de Lei \u00e9 fundamental para a qualidade de vida e de trabalho do produtor. \u201cCom a aprova\u00e7\u00e3o e o reconhecimento das autoridades competentes, vai ajudar o produtor e o incentivar\u00e1 a produzir\u201d, ressaltou.<\/p>\n\n\n\n<p>J\u00e1 a produtora e presidente do Distrito de Irriga\u00e7\u00e3o Manuel Alves, Vanda Marli Besen ressaltou que a a\u00e7\u00e3o vai ajudar a alavancar os projetos de irriga\u00e7\u00e3o no Estado. \u201cEsse projeto \u00e9 de suma import\u00e2ncia para n\u00f3s, principalmente, em rela\u00e7\u00e3o \u00e0 passagem dos lotes para os novos donos. Com isso, a gente vai conseguir alavancar a produ\u00e7\u00e3o do Manuel Aves que, hoje, est\u00e1 em torno de 1.200 hectares\u201d, informou.<\/p>\n\n\n\n<p>Para o secret\u00e1rio Ricardo Ayres, a parceria com o Governo do Tocantins \u00e9 muito importante para fortalecer a economia local. \u201cTemos buscado di\u00e1logo com os produtores para entender quais s\u00e3o os mecanismos necess\u00e1rios para alavancar a produ\u00e7\u00e3o da fruticultura na regi\u00e3o, com esses projetos de irriga\u00e7\u00e3o, por isso apoio o projeto\u201d, afirmou.<\/p>\n\n\n\n<p>De acordo com o secret\u00e1rio de Estado da Infraestrutura, Jairo Mariano, essa \u00e9 mais uma a\u00e7\u00e3o do Governo do Tocantins, por meio da Infraestrutura, que ir\u00e1 fortalecer a produ\u00e7\u00e3o e a economia do Estado. \u201cEssa \u00e9 uma demanda dos produtores, que ir\u00e1 impactar diretamente no crescimento dos Projetos de Irriga\u00e7\u00e3o, aumentando mais ainda a produ\u00e7\u00e3o e o desenvolvimento da fruticultura no Tocantins\u201d, defendeu o gestor.<\/p>\n\n\n\n<p>O governador Wanderlei Barbosa afirmou ser fundamental que haja suporte para atender as demandas dos produtores rurais. \u201cAl\u00e9m de abranger o setor econ\u00f4mico, tamb\u00e9m est\u00e3o envolvidas quest\u00f5es sociais. Os nossos produtores precisam ter condi\u00e7\u00f5es b\u00e1sicas e de qualidade para poder ofertar o que produzem\u201d, concluiu.<\/p>\n\n\n\n<figure class=\"wp-block-image\"><img src=\"https:\/\/central.to.gov.br\/image\/284466?w=670&amp;h=383\" alt=\"\"\/><\/figure>\n\n\n\n<p>Governo do Tocantins pretende dar novos incentivos ao desenvolvimento e \u00e0 ocupa\u00e7\u00e3o dos per\u00edmetros p\u00fablicos de irriga\u00e7\u00e3o no Tocantins &#8211; Antonio Gon\u00e7alves\/Governo do Tocantins\n\n<\/p>\n","protected":false},"excerpt":{"rendered":"<p>O governador do Estado do Tocantins, Wanderlei Barbosa, assinou na manh\u00e3 desta quinta-feira, 24, Projeto de Lei que autoriza a aliena\u00e7\u00e3o dos lotes dos Projetos de Irriga\u00e7\u00e3o. Os titulares da Secretaria de Estado da Infraestrutura, Jairo Mariano; e da Secretaria Extraordin\u00e1ria de Parcerias P\u00fablico-Privadas, Ricardo Ayres, tamb\u00e9m participaram da cerim\u00f4nia de assinatura que ocorreu no [&hellip;]<\/p>\n","protected":false},"author":2,"featured_media":10844,"comment_status":"open","ping_status":"open","sticky":false,"template":"","format":"standard","meta":[],"categories":[3],"tags":[13],"_links":{"self":[{"href":"https:\/\/dgospel.com.br\/portal\/index.php\/wp-json\/wp\/v2\/posts\/10843"}],"collection":[{"href":"https:\/\/dgospel.com.br\/portal\/index.php\/wp-json\/wp\/v2\/posts"}],"about":[{"href":"https:\/\/dgospel.com.br\/portal\/index.php\/wp-json\/wp\/v2\/types\/post"}],"author":[{"embeddable":true,"href":"https:\/\/dgospel.com.br\/portal\/index.php\/wp-json\/wp\/v2\/users\/2"}],"replies":[{"embeddable":true,"href":"https:\/\/dgospel.com.br\/portal\/index.php\/wp-json\/wp\/v2\/comments?post=10843"}],"version-history":[{"count":1,"href":"https:\/\/dgospel.com.br\/portal\/index.php\/wp-json\/wp\/v2\/posts\/10843\/revisions"}],"predecessor-version":[{"id":10845,"href":"https:\/\/dgospel.com.br\/portal\/index.php\/wp-json\/wp\/v2\/posts\/10843\/revisions\/10845"}],"wp:featuredmedia":[{"embeddable":true,"href":"https:\/\/dgospel.com.br\/portal\/index.php\/wp-json\/wp\/v2\/media\/10844"}],"wp:attachment":[{"href":"https:\/\/dgospel.com.br\/portal\/index.php\/wp-json\/wp\/v2\/media?parent=10843"}],"wp:term":[{"taxonomy":"category","embeddable":true,"href":"https:\/\/dgospel.com.br\/portal\/index.php\/wp-json\/wp\/v2\/categories?post=10843"},{"taxonomy":"post_tag","embeddable":true,"href":"https:\/\/dgospel.com.br\/portal\/index.php\/wp-json\/wp\/v2\/tags?post=10843"}],"curies":[{"name":"wp","href":"https:\/\/api.w.org\/{rel}","templated":true}]}}