{"id":10846,"date":"2022-03-25T10:37:11","date_gmt":"2022-03-25T13:37:11","guid":{"rendered":"http:\/\/dgospel.com.br\/portal\/?p=10846"},"modified":"2022-03-25T10:37:48","modified_gmt":"2022-03-25T13:37:48","slug":"em-araguaina-governador-wanderlei-barbosa-vistoria-obras-do-hga-e-assina-ordens-de-servicos-para-construcao-de-novos-espacos-em-unidades-escolares","status":"publish","type":"post","link":"https:\/\/dgospel.com.br\/portal\/index.php\/2022\/03\/25\/em-araguaina-governador-wanderlei-barbosa-vistoria-obras-do-hga-e-assina-ordens-de-servicos-para-construcao-de-novos-espacos-em-unidades-escolares\/","title":{"rendered":"Em Aragua\u00edna, Wanderlei Barbosa vistoria obras do HGA e assina Ordens de Servi\u00e7os para constru\u00e7\u00e3o de novos espa\u00e7os em unidades escolares"},"content":{"rendered":"\n<p>Vistorias de obras que est\u00e3o sendo executadas nas \u00e1reas de sa\u00fade e educa\u00e7\u00e3o; inaugura\u00e7\u00e3o de novos espa\u00e7os em unidades escolares; entrega do programa&nbsp;<em>Mais Gen\u00e9tica<\/em>&nbsp;para produtores; dentre outras a\u00e7\u00f5es, fazem parte da agenda do governador do Tocantins, Wanderlei Barbosa, em Aragua\u00edna, nesta sexta-feira, 25, e no s\u00e1bado, 26.<\/p>\n\n\n\n<p>A agenda iniciar\u00e1 na sexta-feira, 25, \u00e0s 8 horas, com a inaugura\u00e7\u00e3o do Espa\u00e7o Maker e uma visita \u00e0s obras do Col\u00e9gio Estadual Ademar Vicente Ferreira Sobrinho. \u00c0s 9 horas, ocorrer\u00e1 a cerim\u00f4nia de assinatura da Ordem de Servi\u00e7o para constru\u00e7\u00e3o do refeit\u00f3rio e reforma do Centro de Ensino M\u00e9dio Benjamim Jos\u00e9 de Almeida. Al\u00e9m disso, o Governador assinar\u00e1 o Termo de Coopera\u00e7\u00e3o entre a Secretaria de Estado da Educa\u00e7\u00e3o (Seduc) e o Corpo de Bombeiros para implementa\u00e7\u00e3o da metodologia militar na Escola Estadual de Tempo Integral Jardenir Jorge Frederico, localizada no Setor Urban\u00edstico.<\/p>\n\n\n\n<p>No per\u00edodo vespertino, \u00e0s 14 horas, no Hospital Dom Orione, ocorrer\u00e1 a assinatura do Termo de Credenciamento da unidade hospitalar para presta\u00e7\u00e3o de servi\u00e7os ao Plano de Assist\u00eancia \u00e0 Sa\u00fade dos Servidores P\u00fablicos do Estado do Tocantins (Servir). \u00c0s 15 horas, o Governador realizar\u00e1 visita \u00e0s instala\u00e7\u00f5es do Hospital Regional de Aragua\u00edna (HRA). \u00c0s 16 horas, visitar\u00e1 as obras de reforma do antigo Hospital S\u00e3o Jos\u00e9, onde ser\u00e1 implantada uma Unidade de Alta Complexidade em&nbsp;Oncologia, cujo investimento \u00e9 de mais de R$ 3,6 milh\u00f5es.<\/p>\n\n\n\n<p>\u00c0s 18 horas,&nbsp;no Audit\u00f3rio da Associa\u00e7\u00e3o Comercial de Aragua\u00edna (Aciara), o Governador&nbsp;re\u00fane-se com empres\u00e1rios, oportunidade em que apresentar\u00e1 o projeto de recupera\u00e7\u00e3o da TO-422, que \u00e9 a via de acesso ao distrito industrial da cidade.<\/p>\n\n\n\n<p>No s\u00e1bado, 26, \u00e0s 9 horas, o governador Wanderlei Barbosa far\u00e1 uma vistoria \u00e0s obras do Hospital Geral de Aragua\u00edna (HGA), que se encontra com 24,8% j\u00e1 executada. O investimento total \u00e9 de mais de R$ 160,8 milh\u00f5es. Quando finalizado, o HGA contar\u00e1 com 400 leitos, uma unidade de pronto-socorro com capacidade de atendimento di\u00e1rio para mais de 150 pessoas, entre outras depend\u00eancias.<\/p>\n\n\n\n<p>A agenda em Aragua\u00edna ser\u00e1 encerrada com uma reuni\u00e3o \u00e0s 10 horas, no audit\u00f3rio do Instituto Nacional de Coloniza\u00e7\u00e3o e Reforma Agr\u00e1ria (Incra), onde haver\u00e1 entrega de kits do programa&nbsp;<em>Mais Gen\u00e9tica para Insemina\u00e7\u00e3o Artificial de Tempo Fixo (IATF)<\/em>, destinado a gado de corte e de leite, contemplando pequenos e m\u00e9dios pecuaristas. Al\u00e9m disso, ser\u00e1 realizada uma apresenta\u00e7\u00e3o do programa de cr\u00e9dito fundi\u00e1rio que o Governo do Tocantins est\u00e1 implementando no Estado. A reuni\u00e3o contar\u00e1 com a presen\u00e7a de produtores e t\u00e9cnicos da Secretaria de Estado da Agricultura, Pecu\u00e1ria e Aquicultura (Seagro) e do Instituto do Desenvolvimento Rural do Tocantins (Ruraltins).<\/p>\n","protected":false},"excerpt":{"rendered":"<p>Vistorias de obras que est\u00e3o sendo executadas nas \u00e1reas de sa\u00fade e educa\u00e7\u00e3o; inaugura\u00e7\u00e3o de novos espa\u00e7os em unidades escolares; entrega do programa&nbsp;Mais Gen\u00e9tica&nbsp;para produtores; dentre outras a\u00e7\u00f5es, fazem parte da agenda do governador do Tocantins, Wanderlei Barbosa, em Aragua\u00edna, nesta sexta-feira, 25, e no s\u00e1bado, 26. A agenda iniciar\u00e1 na sexta-feira, 25, \u00e0s 8 [&hellip;]<\/p>\n","protected":false},"author":2,"featured_media":10847,"comment_status":"open","ping_status":"open","sticky":false,"template":"","format":"standard","meta":[],"categories":[3],"tags":[13],"_links":{"self":[{"href":"https:\/\/dgospel.com.br\/portal\/index.php\/wp-json\/wp\/v2\/posts\/10846"}],"collection":[{"href":"https:\/\/dgospel.com.br\/portal\/index.php\/wp-json\/wp\/v2\/posts"}],"about":[{"href":"https:\/\/dgospel.com.br\/portal\/index.php\/wp-json\/wp\/v2\/types\/post"}],"author":[{"embeddable":true,"href":"https:\/\/dgospel.com.br\/portal\/index.php\/wp-json\/wp\/v2\/users\/2"}],"replies":[{"embeddable":true,"href":"https:\/\/dgospel.com.br\/portal\/index.php\/wp-json\/wp\/v2\/comments?post=10846"}],"version-history":[{"count":2,"href":"https:\/\/dgospel.com.br\/portal\/index.php\/wp-json\/wp\/v2\/posts\/10846\/revisions"}],"predecessor-version":[{"id":10849,"href":"https:\/\/dgospel.com.br\/portal\/index.php\/wp-json\/wp\/v2\/posts\/10846\/revisions\/10849"}],"wp:featuredmedia":[{"embeddable":true,"href":"https:\/\/dgospel.com.br\/portal\/index.php\/wp-json\/wp\/v2\/media\/10847"}],"wp:attachment":[{"href":"https:\/\/dgospel.com.br\/portal\/index.php\/wp-json\/wp\/v2\/media?parent=10846"}],"wp:term":[{"taxonomy":"category","embeddable":true,"href":"https:\/\/dgospel.com.br\/portal\/index.php\/wp-json\/wp\/v2\/categories?post=10846"},{"taxonomy":"post_tag","embeddable":true,"href":"https:\/\/dgospel.com.br\/portal\/index.php\/wp-json\/wp\/v2\/tags?post=10846"}],"curies":[{"name":"wp","href":"https:\/\/api.w.org\/{rel}","templated":true}]}}