{"id":1085,"date":"2018-08-23T10:14:49","date_gmt":"2018-08-23T13:14:49","guid":{"rendered":"http:\/\/dgospel.com.br\/portal\/?p=1085"},"modified":"2018-08-23T10:14:49","modified_gmt":"2018-08-23T13:14:49","slug":"executiva-do-mdb-lamenta-e-repudia-fatos-desagradaveis-em-que-amastha-recusa-a-subir-em-palanque-com-lideres-emedebistas","status":"publish","type":"post","link":"https:\/\/dgospel.com.br\/portal\/index.php\/2018\/08\/23\/executiva-do-mdb-lamenta-e-repudia-fatos-desagradaveis-em-que-amastha-recusa-a-subir-em-palanque-com-lideres-emedebistas\/","title":{"rendered":"Executiva do MDB \u201clamenta e repudia\u201d fatos desagrad\u00e1veis em que Amastha recusa a subir em palanque com l\u00edderes emedebistas"},"content":{"rendered":"<p>A executiva estadual do MDB decidiu liberar os l\u00edderes do partido a apoiar a quem quiserem e n\u00e3o mais exclusivamente ao candidato do PSB, Carlos Amastha. A decis\u00e3o foi tomada na reuni\u00e3o que come\u00e7ou \u00e0s 9h40 e terminou \u00e0s 14 horas desta quarta-feira, 22. A legenda decidiu ainda indicar o presidente regional Derval de Paiva e o vereador de Aragua\u00edna Ferreirinha como, respectivamente, primeiro e segundo suplentes do senador Ata\u00eddes Oliveira (PSDB).<\/p>\n<p>As delibera\u00e7\u00f5es desta quarta foram uma resposta dura do partido ao epis\u00f3dio de Sitio Novo, no s\u00e1bado, 18, quando Amastha se recusou a subir no palanque do lan\u00e7amento da candidatura do ex-prefeito Jair Farias a deputado estadual. O senador Vicentinho Alves (PR) tamb\u00e9m deixou os emedebistas insatisfeitos com a decis\u00e3o de deixar a cidade e, como o candidato do PSB, n\u00e3o subir no palanque de Jair, que deu duas vit\u00f3rias ao republicano na elei\u00e7\u00e3o suplementar, no primeiro e segundo turnos.<\/p>\n<p>Segundo fontes do partido, o ex-governador e prefeito de Para\u00edso, Mois\u00e9s Avelino, relatou a conversa com Amastha nessa ter\u00e7a-feira, quando disse que n\u00e3o o apoiaria pelos xingamentos do pessebista \u00e0 velha pol\u00edtica do Estado nas redes sociais. \u201cMas tamb\u00e9m sempre muito sensato e pragm\u00e1tico\u201d, contou um dos participantes da reuni\u00e3o.<\/p>\n<p>Os deputados estaduais disseram que seus prefeitos e l\u00edderes est\u00e3o sendo muito assediados pelo governo e que uma boa parte \u201cj\u00e1 n\u00e3o resiste mais\u201d. \u201cE que com essas coisas que Amastha est\u00e1 fazendo esses l\u00edderes se sentem desobrigados a apoi\u00e1-lo. Assim acabam migrando para outras candidaturas, a maioria tende ao Carlesse\u201d, afirmou a fonte.<\/p>\n<p>O ex-governador Marcelo Miranda e a ex-primeira-dama e deputada federal Dulce Miranda participaram da reuni\u00e3o e se mostraram muito indignados com a postura de Amastha. Eles deixaram claro que n\u00e3o aceitam mais apoiar a candidatura do ex-prefeito de Palmas.<\/p>\n<p><strong>Nota de rep\u00fadio<\/strong><br \/>\nAp\u00f3s a reuni\u00e3o, a executiva emitiu uma nota em que \u201clamenta e repudia veementemente os fatos desagrad\u00e1veis\u201d com os l\u00edderes do MDB. \u201cJ\u00e1 reiteradamente submetidos a vexat\u00f3rios constrangimentos\u201d, diz a nota. Os emedebistas afirmam que continuar\u00e3o na coliga\u00e7\u00e3o, j\u00e1 que foi aprovado em conven\u00e7\u00e3o e n\u00e3o h\u00e1 como mudar, mas confirmam que todos est\u00e3o liberados a apoiar quem quiser.<\/p>\n<p>Confira a \u00edntegra a seguir:<\/p>\n<p><img loading=\"lazy\" class=\"alignnone size-medium wp-image-1086\" src=\"http:\/\/dgospel.com.br\/portal\/wp-content\/uploads\/2018\/08\/NotaMDB-225x300.jpeg\" alt=\"\" width=\"225\" height=\"300\" srcset=\"https:\/\/dgospel.com.br\/portal\/wp-content\/uploads\/2018\/08\/NotaMDB-225x300.jpeg 225w, https:\/\/dgospel.com.br\/portal\/wp-content\/uploads\/2018\/08\/NotaMDB.jpeg 600w\" sizes=\"(max-width: 225px) 100vw, 225px\" \/><\/p>\n<p>Fonte: Clebertoledo<\/p>\n","protected":false},"excerpt":{"rendered":"<p>A executiva estadual do MDB decidiu liberar os l\u00edderes do partido a apoiar a quem quiserem e n\u00e3o mais exclusivamente ao candidato do PSB, Carlos Amastha. A decis\u00e3o foi tomada na reuni\u00e3o que come\u00e7ou \u00e0s 9h40 e terminou \u00e0s 14 horas desta quarta-feira, 22. A legenda decidiu ainda indicar o presidente regional Derval de Paiva [&hellip;]<\/p>\n","protected":false},"author":2,"featured_media":1087,"comment_status":"open","ping_status":"open","sticky":false,"template":"","format":"standard","meta":[],"categories":[2,4],"tags":[],"_links":{"self":[{"href":"https:\/\/dgospel.com.br\/portal\/index.php\/wp-json\/wp\/v2\/posts\/1085"}],"collection":[{"href":"https:\/\/dgospel.com.br\/portal\/index.php\/wp-json\/wp\/v2\/posts"}],"about":[{"href":"https:\/\/dgospel.com.br\/portal\/index.php\/wp-json\/wp\/v2\/types\/post"}],"author":[{"embeddable":true,"href":"https:\/\/dgospel.com.br\/portal\/index.php\/wp-json\/wp\/v2\/users\/2"}],"replies":[{"embeddable":true,"href":"https:\/\/dgospel.com.br\/portal\/index.php\/wp-json\/wp\/v2\/comments?post=1085"}],"version-history":[{"count":1,"href":"https:\/\/dgospel.com.br\/portal\/index.php\/wp-json\/wp\/v2\/posts\/1085\/revisions"}],"predecessor-version":[{"id":1088,"href":"https:\/\/dgospel.com.br\/portal\/index.php\/wp-json\/wp\/v2\/posts\/1085\/revisions\/1088"}],"wp:featuredmedia":[{"embeddable":true,"href":"https:\/\/dgospel.com.br\/portal\/index.php\/wp-json\/wp\/v2\/media\/1087"}],"wp:attachment":[{"href":"https:\/\/dgospel.com.br\/portal\/index.php\/wp-json\/wp\/v2\/media?parent=1085"}],"wp:term":[{"taxonomy":"category","embeddable":true,"href":"https:\/\/dgospel.com.br\/portal\/index.php\/wp-json\/wp\/v2\/categories?post=1085"},{"taxonomy":"post_tag","embeddable":true,"href":"https:\/\/dgospel.com.br\/portal\/index.php\/wp-json\/wp\/v2\/tags?post=1085"}],"curies":[{"name":"wp","href":"https:\/\/api.w.org\/{rel}","templated":true}]}}