{"id":10854,"date":"2022-03-25T11:06:57","date_gmt":"2022-03-25T14:06:57","guid":{"rendered":"http:\/\/dgospel.com.br\/portal\/?p=10854"},"modified":"2022-03-25T11:06:59","modified_gmt":"2022-03-25T14:06:59","slug":"bolsonaro-boto-minha-cara-no-fogo-pelo-milton-uma-covardia","status":"publish","type":"post","link":"https:\/\/dgospel.com.br\/portal\/index.php\/2022\/03\/25\/bolsonaro-boto-minha-cara-no-fogo-pelo-milton-uma-covardia\/","title":{"rendered":"Bolsonaro: \u2018Boto minha cara no fogo pelo Milton. Uma covardia\u2019"},"content":{"rendered":"\n<p>Em sua tradicional live desta quinta-feira (24), o presidente Jair Bolsonaro falou sobre a suposta influ\u00eancia de pastores no Minist\u00e9rio da Educa\u00e7\u00e3o (MEC) e disse ter total confian\u00e7a no ministro Milton Ribeiro. Para Bolsonaro, est\u00e3o cometendo uma \u201ccovardia\u201d com seu ministro da Educa\u00e7\u00e3o.<\/p>\n\n\n\n<p>A declara\u00e7\u00e3o foi dada ao comentar uma grava\u00e7\u00e3o divulgada pelo jornal Folha de S.Paulo na noite de segunda-feira (21). De acordo com o ve\u00edculo, dois pastores teriam influenciado o repasse de verbas do Minist\u00e9rio da Educa\u00e7\u00e3o (MEC), Gilmar Santos e Arilton Moura. Al\u00e9m disso, Milton Ribeiro ainda disse que a medida era um pedido do presidente Jair Bolsonaro.<\/p>\n\n\n\n<p>Em nota, o ministro explicou o \u00e1udio e disse que, \u201cdiferentemente do que foi veiculado, a aloca\u00e7\u00e3o de recursos federais ocorre seguindo a legisla\u00e7\u00e3o or\u00e7ament\u00e1ria, bem como os crit\u00e9rios t\u00e9cnicos do Fundo Nacional do Desenvolvimento da Educa\u00e7\u00e3o\u201d. De acordo com ele, n\u00e3o existe \u201cpossibilidade de o ministro determinar aloca\u00e7\u00e3o de recursos para favorecer ou desfavorecer qualquer munic\u00edpio ou estado\u201d. Al\u00e9m disso, Milton Ribeiro ainda afirmou que \u201co Presidente da Rep\u00fablica n\u00e3o pediu atendimento preferencial a ningu\u00e9m\u201d.<\/p>\n\n\n\n<p>Ao comentar o epis\u00f3dio, Bolsonaro afirmou que a Controladoria-Geral da Uni\u00e3o (CGU) recebeu documentos enviados pelo ministro da Educa\u00e7\u00e3o sobre poss\u00edveis den\u00fancias de irregularidades em sua pasta. O presidente explicou que o caso foi investigado, chegando \u00e0 conclus\u00e3o de que n\u00e3o tinha a participa\u00e7\u00e3o de nenhum servidor p\u00fablico.<\/p>\n\n\n\n<p>\u2013 Por que n\u00e3o tem corrup\u00e7\u00e3o no meu governo? Por que a gente age dessa maneira. A gente sempre est\u00e1 um passo \u00e0 frente. Ningu\u00e9m pode pegar algu\u00e9m e dizer \u201coh, voc\u00ea est\u00e1 desviando\u201d. Tem que ter prova. Sen\u00e3o, \u00e9 uma a\u00e7\u00e3o contra a gente. O Milton tomou as provid\u00eancias. E a\u00ed, alguns falam: \u201cAh, ele tinha 19 agendas [com os pastores]\u201d. Se ele tivesse armando, n\u00e3o teria botando na agenda oficial, aberta ao p\u00fablico. \u00c9 muito simples. Quando o cara quer armar, ele vai para uma piscina, vai em um fim de mundo a\u00ed, vai para uma praia, vai para o meio do mato. \u00c9 assim que ele age. N\u00e3o coloca na agenda, o nome do corruptor \u2013 ressaltou.<\/p>\n\n\n\n<p>Em seguida, o presidente disse ter total confian\u00e7a no ministro.<\/p>\n\n\n\n<p>\u2013 O Milton, coisa rara de eu falar aqui, eu boto a minha cara toda no fogo pelo Milton. Est\u00e3o fazendo uma covardia com ele. A PF j\u00e1 abriu um procedimento para investigar o caso tamb\u00e9m, que est\u00e1 na esteira do que a CGU vinha fazendo. Agora, tem gente que fica buzinando, faz chegar para mim: \u201cManda o Milton embora, j\u00e1 tem um bom nome para botar a\u00ed\u201d. Tem gente que quer botar algu\u00e9m l\u00e1, mas n\u00e3o fala publicamente \u2013 apontou.<\/p>\n\n\n\n<p>Por fim, Bolsonaro tamb\u00e9m falou sobre a cobertura do epis\u00f3dio pela imprensa.<\/p>\n\n\n\n<p>\u2013 Algumas televis\u00f5es, como a Globo, t\u00eam um ran\u00e7o com evang\u00e9licos e aproveitam para potencializar \u2013 destacou.<\/p>\n\n\n\n<figure class=\"wp-block-embed-youtube wp-block-embed is-type-video is-provider-youtube wp-embed-aspect-16-9 wp-has-aspect-ratio\"><div class=\"wp-block-embed__wrapper\">\n<iframe loading=\"lazy\" title=\"PR JAIR BOLSONARO FALA \u00c0 NA\u00c7\u00c3O - Live da semana (24\/03\/2022)\" width=\"630\" height=\"354\" src=\"https:\/\/www.youtube.com\/embed\/OdCFFgvUhhU?start=1213&#038;feature=oembed\" frameborder=\"0\" allow=\"accelerometer; autoplay; clipboard-write; encrypted-media; gyroscope; picture-in-picture\" allowfullscreen><\/iframe>\n<\/div><\/figure>\n","protected":false},"excerpt":{"rendered":"<p>Em sua tradicional live desta quinta-feira (24), o presidente Jair Bolsonaro falou sobre a suposta influ\u00eancia de pastores no Minist\u00e9rio da Educa\u00e7\u00e3o (MEC) e disse ter total confian\u00e7a no ministro Milton Ribeiro. Para Bolsonaro, est\u00e3o cometendo uma \u201ccovardia\u201d com seu ministro da Educa\u00e7\u00e3o. A declara\u00e7\u00e3o foi dada ao comentar uma grava\u00e7\u00e3o divulgada pelo jornal Folha [&hellip;]<\/p>\n","protected":false},"author":2,"featured_media":10855,"comment_status":"open","ping_status":"open","sticky":false,"template":"","format":"standard","meta":[],"categories":[4],"tags":[14],"_links":{"self":[{"href":"https:\/\/dgospel.com.br\/portal\/index.php\/wp-json\/wp\/v2\/posts\/10854"}],"collection":[{"href":"https:\/\/dgospel.com.br\/portal\/index.php\/wp-json\/wp\/v2\/posts"}],"about":[{"href":"https:\/\/dgospel.com.br\/portal\/index.php\/wp-json\/wp\/v2\/types\/post"}],"author":[{"embeddable":true,"href":"https:\/\/dgospel.com.br\/portal\/index.php\/wp-json\/wp\/v2\/users\/2"}],"replies":[{"embeddable":true,"href":"https:\/\/dgospel.com.br\/portal\/index.php\/wp-json\/wp\/v2\/comments?post=10854"}],"version-history":[{"count":1,"href":"https:\/\/dgospel.com.br\/portal\/index.php\/wp-json\/wp\/v2\/posts\/10854\/revisions"}],"predecessor-version":[{"id":10856,"href":"https:\/\/dgospel.com.br\/portal\/index.php\/wp-json\/wp\/v2\/posts\/10854\/revisions\/10856"}],"wp:featuredmedia":[{"embeddable":true,"href":"https:\/\/dgospel.com.br\/portal\/index.php\/wp-json\/wp\/v2\/media\/10855"}],"wp:attachment":[{"href":"https:\/\/dgospel.com.br\/portal\/index.php\/wp-json\/wp\/v2\/media?parent=10854"}],"wp:term":[{"taxonomy":"category","embeddable":true,"href":"https:\/\/dgospel.com.br\/portal\/index.php\/wp-json\/wp\/v2\/categories?post=10854"},{"taxonomy":"post_tag","embeddable":true,"href":"https:\/\/dgospel.com.br\/portal\/index.php\/wp-json\/wp\/v2\/tags?post=10854"}],"curies":[{"name":"wp","href":"https:\/\/api.w.org\/{rel}","templated":true}]}}