{"id":10860,"date":"2022-03-25T11:15:29","date_gmt":"2022-03-25T14:15:29","guid":{"rendered":"http:\/\/dgospel.com.br\/portal\/?p=10860"},"modified":"2022-03-25T11:15:30","modified_gmt":"2022-03-25T14:15:30","slug":"deputados-aprovam-aumento-de-vagas-para-policiais-penais","status":"publish","type":"post","link":"https:\/\/dgospel.com.br\/portal\/index.php\/2022\/03\/25\/deputados-aprovam-aumento-de-vagas-para-policiais-penais\/","title":{"rendered":"Deputados aprovam aumento de vagas para policiais penais"},"content":{"rendered":"\n<p>Entre as mat\u00e9rias aprovadas nesta quarta-feira, 23, est\u00e1 a proposta que amplia o n\u00famero de vagas previsto no Plano de Cargos, Carreiras e Subs\u00eddios dos policiais penais, de 935 para 1095.<\/p>\n\n\n\n<p>Conforme a mensagem do governador Wanderlei Barbosa (Republicanos), enviada \u00e0 Assembleia, o projeto tem \u201co prop\u00f3sito de prover a demanda de pessoal estimada pela Secretaria da Cidadania e Justi\u00e7a\u201d.<\/p>\n\n\n\n<p>Em outro projeto, o Governo do Estado altera a lei que criou o Fundo de Recursos de Emenda Parlamentar Individual. A mudan\u00e7a inclui na lei instrumentos or\u00e7ament\u00e1rios legais como a\u00e7\u00f5es or\u00e7ament\u00e1rias, metas fiscais e financeiras a fim de viabilizar a opera\u00e7\u00e3o na chamada modalidade especial.<\/p>\n\n\n\n<p>Segundo o Governo, a ideia se baseia na experi\u00eancia da Uni\u00e3o que, a partir de 2020, adotou um novo modelo de transfer\u00eancia de recursos aos estados e munic\u00edpios, sem a necessidade de formaliza\u00e7\u00e3o de conv\u00eanios e fiscalizado pelo Tribunal de Contas da Uni\u00e3o.<\/p>\n\n\n\n<p>Aprovada ainda a proposta do deputado Issam Saado (PV) que declara de utilidade p\u00fablica estadual a Associa\u00e7\u00e3o Recreativa Desportiva Amigos do Mandi \u2013 Ardam, sediada em Guara\u00ed. \u201cA entidade promove a integra\u00e7\u00e3o, ocupa\u00e7\u00e3o e gera\u00e7\u00e3o de renda dos seus associados, al\u00e9m da pr\u00e1tica de esportes em geral\u201d, explicou o autor.<\/p>\n","protected":false},"excerpt":{"rendered":"<p>Entre as mat\u00e9rias aprovadas nesta quarta-feira, 23, est\u00e1 a proposta que amplia o n\u00famero de vagas previsto no Plano de Cargos, Carreiras e Subs\u00eddios dos policiais penais, de 935 para 1095. Conforme a mensagem do governador Wanderlei Barbosa (Republicanos), enviada \u00e0 Assembleia, o projeto tem \u201co prop\u00f3sito de prover a demanda de pessoal estimada pela [&hellip;]<\/p>\n","protected":false},"author":2,"featured_media":10861,"comment_status":"open","ping_status":"open","sticky":false,"template":"","format":"standard","meta":[],"categories":[8],"tags":[],"_links":{"self":[{"href":"https:\/\/dgospel.com.br\/portal\/index.php\/wp-json\/wp\/v2\/posts\/10860"}],"collection":[{"href":"https:\/\/dgospel.com.br\/portal\/index.php\/wp-json\/wp\/v2\/posts"}],"about":[{"href":"https:\/\/dgospel.com.br\/portal\/index.php\/wp-json\/wp\/v2\/types\/post"}],"author":[{"embeddable":true,"href":"https:\/\/dgospel.com.br\/portal\/index.php\/wp-json\/wp\/v2\/users\/2"}],"replies":[{"embeddable":true,"href":"https:\/\/dgospel.com.br\/portal\/index.php\/wp-json\/wp\/v2\/comments?post=10860"}],"version-history":[{"count":1,"href":"https:\/\/dgospel.com.br\/portal\/index.php\/wp-json\/wp\/v2\/posts\/10860\/revisions"}],"predecessor-version":[{"id":10862,"href":"https:\/\/dgospel.com.br\/portal\/index.php\/wp-json\/wp\/v2\/posts\/10860\/revisions\/10862"}],"wp:featuredmedia":[{"embeddable":true,"href":"https:\/\/dgospel.com.br\/portal\/index.php\/wp-json\/wp\/v2\/media\/10861"}],"wp:attachment":[{"href":"https:\/\/dgospel.com.br\/portal\/index.php\/wp-json\/wp\/v2\/media?parent=10860"}],"wp:term":[{"taxonomy":"category","embeddable":true,"href":"https:\/\/dgospel.com.br\/portal\/index.php\/wp-json\/wp\/v2\/categories?post=10860"},{"taxonomy":"post_tag","embeddable":true,"href":"https:\/\/dgospel.com.br\/portal\/index.php\/wp-json\/wp\/v2\/tags?post=10860"}],"curies":[{"name":"wp","href":"https:\/\/api.w.org\/{rel}","templated":true}]}}