{"id":10864,"date":"2022-03-28T16:19:55","date_gmt":"2022-03-28T19:19:55","guid":{"rendered":"http:\/\/dgospel.com.br\/portal\/?p=10864"},"modified":"2022-03-28T16:19:55","modified_gmt":"2022-03-28T19:19:55","slug":"bia-kicis-ja-existe-censura-ferrenha-contra-conservadores","status":"publish","type":"post","link":"https:\/\/dgospel.com.br\/portal\/index.php\/2022\/03\/28\/bia-kicis-ja-existe-censura-ferrenha-contra-conservadores\/","title":{"rendered":"Bia Kicis: \u201cJ\u00e1 existe censura ferrenha contra conservadores\u201d"},"content":{"rendered":"\n<p>Nesta segunda-feira (28), a deputada federal Bia Kicis (PL-DF) comentou a pol\u00eamica ocorrida no final de semana envolvendo o festival de m\u00fasica Lollapalooza e lembrou que os conservadores j\u00e1 sofrem com uma \u201ccensura ferrenha\u201d. A declara\u00e7\u00e3o foi dada durante participa\u00e7\u00e3o no programa Jornal da Manh\u00e3, da Jovem Pan.<\/p>\n\n\n\n<p>O assunto teve in\u00edcio ap\u00f3s o ministro Raul Ara\u00fajo, do Tribunal Superior Eleitoral (TSE), atender a um pedido do Partido Liberal (PL). A sigla entrou, no s\u00e1bado (26), com uma representa\u00e7\u00e3o na Corte contra o Lollapalooza ap\u00f3s artistas como Pabllo Vittar criticarem o atual presidente e exaltarem o ex-presidente Luiz In\u00e1cio Lula da Silva (PT), principal advers\u00e1rio de Bolsonaro nas elei\u00e7\u00f5es deste ano. Ap\u00f3s a decis\u00e3o, outros artistas, pol\u00edticos e diversas personalidades chamaram a determina\u00e7\u00e3o de censura.<\/p>\n\n\n\n<p>Bia Kicis foi questionada sobre o tema durante o programa e afirmou que a esquerda \u00e9 tratada de formar diferente.<\/p>\n\n\n\n<p>\u2013 D\u00e1 para gente ver o tipo de guerra que a gente vai enfrentar neste ano eleitoral. A gente tem um deputado federal preso por opini\u00e3o, por falar e ser grosseiro com os ministros. A gente n\u00e3o tem que concordar com o que ele falou, mas temos imunidade parlamentar por qualquer palavra. No entanto, temos artistas como a Anitta que est\u00e3o fazendo propaganda pol\u00edtica contra o atual presidente e at\u00e9 se dirigindo aos ministros do TSE com palavr\u00f5es. Precisamos ver o que vai acontecer \u2013 apontou.<\/p>\n\n\n\n<p>A deputada ent\u00e3o lembrou a pris\u00e3o do deputado federal Daniel Silveira, do ex-deputado Roberto Jefferson e de jornalistas apoiadores do presidente Jair Bolsonaro.<\/p>\n\n\n\n<p>\u2013 Acho engra\u00e7ado os artistas e a oposi\u00e7\u00e3o falarem em censura quando aplaudiram a pris\u00e3o de um deputado federal, do Roberto Jefferson e de dois jornalistas. Vai ser uma guerra muito suja, porque j\u00e1 existe uma censura ferrenha contra os conservadores. E a esquerda continua desafiando o Tribunal \u2013 ressaltou.<\/p>\n","protected":false},"excerpt":{"rendered":"<p>Nesta segunda-feira (28), a deputada federal Bia Kicis (PL-DF) comentou a pol\u00eamica ocorrida no final de semana envolvendo o festival de m\u00fasica Lollapalooza e lembrou que os conservadores j\u00e1 sofrem com uma \u201ccensura ferrenha\u201d. A declara\u00e7\u00e3o foi dada durante participa\u00e7\u00e3o no programa Jornal da Manh\u00e3, da Jovem Pan. O assunto teve in\u00edcio ap\u00f3s o ministro [&hellip;]<\/p>\n","protected":false},"author":2,"featured_media":10865,"comment_status":"open","ping_status":"open","sticky":false,"template":"","format":"standard","meta":[],"categories":[8,4],"tags":[],"_links":{"self":[{"href":"https:\/\/dgospel.com.br\/portal\/index.php\/wp-json\/wp\/v2\/posts\/10864"}],"collection":[{"href":"https:\/\/dgospel.com.br\/portal\/index.php\/wp-json\/wp\/v2\/posts"}],"about":[{"href":"https:\/\/dgospel.com.br\/portal\/index.php\/wp-json\/wp\/v2\/types\/post"}],"author":[{"embeddable":true,"href":"https:\/\/dgospel.com.br\/portal\/index.php\/wp-json\/wp\/v2\/users\/2"}],"replies":[{"embeddable":true,"href":"https:\/\/dgospel.com.br\/portal\/index.php\/wp-json\/wp\/v2\/comments?post=10864"}],"version-history":[{"count":1,"href":"https:\/\/dgospel.com.br\/portal\/index.php\/wp-json\/wp\/v2\/posts\/10864\/revisions"}],"predecessor-version":[{"id":10866,"href":"https:\/\/dgospel.com.br\/portal\/index.php\/wp-json\/wp\/v2\/posts\/10864\/revisions\/10866"}],"wp:featuredmedia":[{"embeddable":true,"href":"https:\/\/dgospel.com.br\/portal\/index.php\/wp-json\/wp\/v2\/media\/10865"}],"wp:attachment":[{"href":"https:\/\/dgospel.com.br\/portal\/index.php\/wp-json\/wp\/v2\/media?parent=10864"}],"wp:term":[{"taxonomy":"category","embeddable":true,"href":"https:\/\/dgospel.com.br\/portal\/index.php\/wp-json\/wp\/v2\/categories?post=10864"},{"taxonomy":"post_tag","embeddable":true,"href":"https:\/\/dgospel.com.br\/portal\/index.php\/wp-json\/wp\/v2\/tags?post=10864"}],"curies":[{"name":"wp","href":"https:\/\/api.w.org\/{rel}","templated":true}]}}