{"id":10867,"date":"2022-03-28T16:28:03","date_gmt":"2022-03-28T19:28:03","guid":{"rendered":"http:\/\/dgospel.com.br\/portal\/?p=10867"},"modified":"2022-03-28T16:28:04","modified_gmt":"2022-03-28T19:28:04","slug":"seminario-batista-na-ucrania-se-transforma-em-abrigo-humanitario","status":"publish","type":"post","link":"https:\/\/dgospel.com.br\/portal\/index.php\/2022\/03\/28\/seminario-batista-na-ucrania-se-transforma-em-abrigo-humanitario\/","title":{"rendered":"Semin\u00e1rio Batista na Ucr\u00e2nia se transforma em abrigo humanit\u00e1rio"},"content":{"rendered":"\n<p>Com a invas\u00e3o russa no territ\u00f3rio ucraniano, o Semin\u00e1rio Teol\u00f3gico Batista da&nbsp;<strong><a href=\"https:\/\/folhagospel.com\/perseguicao-religiosa-pode-aumentar-em-uma-ucrania-controlada-pela-russia\/\" target=\"_blank\" rel=\"noreferrer noopener\">Ucr\u00e2nia<\/a><\/strong>&nbsp;se transformou em um abrigo humanit\u00e1rio, e alunos, professores e funcion\u00e1rios t\u00eam acolhido centenas de refugiados em Lviv.<\/p>\n\n\n\n<p>O semin\u00e1rio, localizado a cerca de 3 km do aeroporto e a 69 km da fronteira com a Pol\u00f4nia, que antes recebia estudantes de teologia, abriu as portas para moradores locais e ucranianos de outras cidades.<\/p>\n\n\n\n<p>As salas de aulas se tornaram dormit\u00f3rios para 4.150 pessoas, que passaram a conviver com os sons das sirenes de alerta de poss\u00edveis ataques a\u00e9reos todos os dias.<\/p>\n\n\n\n<p>O presidente do Semin\u00e1rio Batista Yaroslav Pyzh relatou que, na \u00faltima sexta-feira (18), viu da janela do semin\u00e1rio a regi\u00e3o do aeroporto de Lviv ser atingida por m\u00edsseis russos, formando colunas de fuma\u00e7a escura.<\/p>\n\n\n\n<p>\u201cVinte e tr\u00eas dias de guerra [e] infelizmente hoje Lviv foi bombardeada. Foi a primeira vez na minha vida que vi m\u00edsseis de cruzeiro explodindo. Eu tenho que admitir, isso foi estranho e assustador\u201d, disse Pyzh em um comunicado em v\u00eddeo.<\/p>\n\n\n\n<p>O semin\u00e1rio tamb\u00e9m est\u00e1 ajudando ucranianos a escapar da guerra e a se refugiar na Pol\u00f4nia. Cerca de 3 mil pessoas j\u00e1 foram retiradas do pa\u00eds, em parceria com organiza\u00e7\u00f5es batistas polonesas.<\/p>\n\n\n\n<p>Depois do bombardeio de sexta-feira, o n\u00famero de refugiados aumentou e a opera\u00e7\u00e3o de retirada se intensificou. \u201cDecidimos evacuar nossas mulheres e crian\u00e7as. Temos parceiros na Pol\u00f4nia que est\u00e3o nos ajudando a encontrar um lugar para nossas fam\u00edlias\u201d, contou Pyzh ao International Mission Board.<\/p>\n\n\n\n<p>Ao chegarem na Pol\u00f4nia, os refugiados s\u00e3o recebidos por organiza\u00e7\u00f5es de ajuda batista, como a International Mission Board, que doam suprimentos para suas necessidades imediatas.<\/p>\n\n\n\n<p>Segundo Yaroslav Pyzh, com o apoio do minist\u00e9rio de compaix\u00e3o batista do sul Send Relief, o semin\u00e1rio tamb\u00e9m tem enviado suprimentos para outras cidades na Ucr\u00e2nia, onde a necessidade \u00e9 maior e nem todos moradores podem evacuar. Nesta a\u00e7\u00e3o de ajuda, mais de 8 mil ucranianos foram auxiliados.<\/p>\n\n\n\n<p>\u201cCom a ajuda de tantas pessoas que provavelmente nunca conhecerei, podemos atender aqueles que est\u00e3o em grande necessidade. Gostaria de agradecer por suas ora\u00e7\u00f5es e por compartilhar conosco esse fardo\u201d, declarou Pyzh.<\/p>\n\n\n\n<p>Em 2014, o Semin\u00e1rio Teol\u00f3gico Ucraniano tamb\u00e9m abrigou refugiados internos que fugiram para Lviv, ap\u00f3s perderem suas casas em ataques de for\u00e7as russas.<\/p>\n\n\n\n<p>O presidente Yaroslav diz que est\u00e1 orando por um milagre e que ele e os volunt\u00e1rios do semin\u00e1rio come\u00e7am cada dia de trabalho como se fossem o \u00faltimo, porque n\u00e3o sabem quando a guerra ir\u00e1 terminar.<\/p>\n\n\n\n<p>\u201cTodos os dias temos f\u00e9 suficiente para continuar fazendo o que estamos fazendo. Deus renova essa f\u00e9 todos os dias. A raz\u00e3o pela qual temos for\u00e7a \u00e9 porque conhecemos Sua fidelidade\u201d, testemunhou Pyzh.<\/p>\n\n\n\n<p>De acordo com a ag\u00eancia de migra\u00e7\u00e3o da ONU, quase 6,5 milh\u00f5es de pessoas foram deslocadas dentro da Ucr\u00e2nia e 3,5 milh\u00f5es j\u00e1 fugiram do pa\u00eds.<\/p>\n\n\n\n<p><strong>Com informa\u00e7\u00f5es de Guia-me e International Mission Board<\/strong><\/p>\n","protected":false},"excerpt":{"rendered":"<p>Com a invas\u00e3o russa no territ\u00f3rio ucraniano, o Semin\u00e1rio Teol\u00f3gico Batista da&nbsp;Ucr\u00e2nia&nbsp;se transformou em um abrigo humanit\u00e1rio, e alunos, professores e funcion\u00e1rios t\u00eam acolhido centenas de refugiados em Lviv. O semin\u00e1rio, localizado a cerca de 3 km do aeroporto e a 69 km da fronteira com a Pol\u00f4nia, que antes recebia estudantes de teologia, abriu [&hellip;]<\/p>\n","protected":false},"author":2,"featured_media":10868,"comment_status":"open","ping_status":"open","sticky":false,"template":"","format":"standard","meta":[],"categories":[5],"tags":[],"_links":{"self":[{"href":"https:\/\/dgospel.com.br\/portal\/index.php\/wp-json\/wp\/v2\/posts\/10867"}],"collection":[{"href":"https:\/\/dgospel.com.br\/portal\/index.php\/wp-json\/wp\/v2\/posts"}],"about":[{"href":"https:\/\/dgospel.com.br\/portal\/index.php\/wp-json\/wp\/v2\/types\/post"}],"author":[{"embeddable":true,"href":"https:\/\/dgospel.com.br\/portal\/index.php\/wp-json\/wp\/v2\/users\/2"}],"replies":[{"embeddable":true,"href":"https:\/\/dgospel.com.br\/portal\/index.php\/wp-json\/wp\/v2\/comments?post=10867"}],"version-history":[{"count":1,"href":"https:\/\/dgospel.com.br\/portal\/index.php\/wp-json\/wp\/v2\/posts\/10867\/revisions"}],"predecessor-version":[{"id":10869,"href":"https:\/\/dgospel.com.br\/portal\/index.php\/wp-json\/wp\/v2\/posts\/10867\/revisions\/10869"}],"wp:featuredmedia":[{"embeddable":true,"href":"https:\/\/dgospel.com.br\/portal\/index.php\/wp-json\/wp\/v2\/media\/10868"}],"wp:attachment":[{"href":"https:\/\/dgospel.com.br\/portal\/index.php\/wp-json\/wp\/v2\/media?parent=10867"}],"wp:term":[{"taxonomy":"category","embeddable":true,"href":"https:\/\/dgospel.com.br\/portal\/index.php\/wp-json\/wp\/v2\/categories?post=10867"},{"taxonomy":"post_tag","embeddable":true,"href":"https:\/\/dgospel.com.br\/portal\/index.php\/wp-json\/wp\/v2\/tags?post=10867"}],"curies":[{"name":"wp","href":"https:\/\/api.w.org\/{rel}","templated":true}]}}