{"id":10876,"date":"2022-03-29T09:19:46","date_gmt":"2022-03-29T12:19:46","guid":{"rendered":"http:\/\/dgospel.com.br\/portal\/?p=10876"},"modified":"2022-03-29T09:19:47","modified_gmt":"2022-03-29T12:19:47","slug":"ministro-milton-ribeiro-pede-demissao-do-cargo-e-deixa-o-mec","status":"publish","type":"post","link":"https:\/\/dgospel.com.br\/portal\/index.php\/2022\/03\/29\/ministro-milton-ribeiro-pede-demissao-do-cargo-e-deixa-o-mec\/","title":{"rendered":"Ministro Milton Ribeiro pede demiss\u00e3o do cargo e deixa o MEC"},"content":{"rendered":"\n<p>Nesta segunda-feira (28), o ministro da Educa\u00e7\u00e3o, Milton Ribeiro, decidiu pedir para deixar o cargo. O presidente Jair Bolsonaro aceitou o pedido de demiss\u00e3o e a exonera\u00e7\u00e3o do ministro foi publicada em uma edi\u00e7\u00e3o extra do Di\u00e1rio Oficial da Uni\u00e3o (DOU).<\/p>\n\n\n\n<p>A exonera\u00e7\u00e3o pode ser vista\u00a0<a href=\"https:\/\/static.cdn.pleno.news\/2022\/03\/2022_03_28_ASSINADO_do2_extra_A.pdf\">aqui<\/a>.<\/p>\n\n\n\n<p>A medida ocorre ap\u00f3s grava\u00e7\u00f5es do ministro da Educa\u00e7\u00e3o supostamente apontarem uma interfer\u00eancia de pastores no MEC. O \u00e1udio foi divulgado pelo jornal Folha de S.Paulo na noite de 21 de mar\u00e7o. De acordo com o ve\u00edculo, dois pastores teriam influenciado o repasse de verbas do Minist\u00e9rio da Educa\u00e7\u00e3o (MEC), Gilmar Santos e Arilton Moura. Al\u00e9m disso, Milton Ribeiro ainda disse que a medida era um pedido do presidente Jair Bolsonaro.<\/p>\n\n\n\n<p>A decis\u00e3o de deixar o comando do MEC ocorreu ap\u00f3s uma reuni\u00e3o entre Milton Ribeiro e Jair Bolsonaro nesta segunda-feira. Durante o encontro, Ribeiro entregou uma carta de ren\u00fancia ao presidente.<\/p>\n\n\n\n<p>No documento, ele diz ter plena \u201cconvic\u00e7\u00e3o que jamais realizei um \u00fanico ato de gest\u00e3o na minha pasta que n\u00e3o fosse pautado pela corre\u00e7\u00e3o, pela probidade e pelo compromisso com o er\u00e1rio\u201d.<\/p>\n\n\n\n<p>Tamb\u00e9m apontou que decidiu pedir a \u201cexonera\u00e7\u00e3o do cargo, com a finalidade de que n\u00e3o paire nenhuma incerteza sobre a minha conduta e a do Governo Federal, que vem transformando este pa\u00eds por meio do compromisso firme da luta contra a corrup\u00e7\u00e3o\u201d.<\/p>\n\n\n\n<p><strong>Veja a \u00edntegra da carta, divulgada pela CNN:<\/strong><\/p>\n\n\n\n<p><em>Desde o dia 21 de mar\u00e7o minha vida sofreu uma grande transforma\u00e7\u00e3o. A partir de not\u00edcias veiculadas na m\u00eddia foram levantadas suspeitas acerca da conduta de pessoas que possu\u00edam proximidade com o Ministro da Educa\u00e7\u00e3o.<\/em><\/p>\n\n\n\n<p><em>Tenho plena convic\u00e7\u00e3o de que jamais realizei um \u00fanico ato de gest\u00e3o na minha pasta que n\u00e3o fosse pautado pela corre\u00e7\u00e3o, pela probidade e pelo compromisso com o er\u00e1rio. As suspeitas de que uma pessoa, pr\u00f3xima a mim, poderia estar cometendo atos irregulares devem ser investigadas com profundidade.<\/em><\/p>\n\n\n\n<p><em>Eu mesmo, quando tive conhecimento de den\u00fancia acerca desta pessoa, em agosto de 2021, encaminhei expediente a CGU para que a Controladoria pudesse apurar a situa\u00e7\u00e3o narrada em duas den\u00fancias recebidas em meu gabinete. Mais recentemente, em ___, solicitei a CGU que audite as libera\u00e7\u00f5es de recursos de obras do FNDE, para que n\u00e3o haja duvida sobre a lisura dos processos conduzidos bem como da aus\u00eancia de poder decis\u00f3rio do ministro neste tipo de atividade.<\/em><\/p>\n\n\n\n<p><em>Tenho tr\u00eas pilares que me guiam: Minha honra, minha fam\u00edlia e meu pa\u00eds. Al\u00e9m disso tenho todo respeito e gratid\u00e3o ao Presidente Bolsonaro, que me deu a oportunidade de ser Ministro da Educa\u00e7\u00e3o do Brasil.<\/em><\/p>\n\n\n\n<p><em>Assim sendo, e levando-se em considera\u00e7\u00e3o os aspectos j\u00e1 citados, decidi solicitar ao Presidente Bolsonaro a minha exonera\u00e7\u00e3o do cargo, com a finalidade de que n\u00e3o paire nenhuma incerteza sobre a minha conduta e a do Governo Federal, que vem transformando este pa\u00eds por meio do compromisso firme da luta contra a corrup\u00e7\u00e3o.<\/em><\/p>\n\n\n\n<p><em>N\u00e3o quero deixar uma obje\u00e7\u00e3o sequer quanto ao meu comportamento, que sempre se baseou em pilares inquebrant\u00e1veis de honra, fam\u00edlia e p\u00e1tria. Meu afastamento do cargo de Ministro, a partir da minha exonera\u00e7\u00e3o, visa tamb\u00e9m deixar claro que quero, mais que ningu\u00e9m, uma investiga\u00e7\u00e3o completa e longe de qualquer d\u00favida acerca de tentativas deste Ministro de Estado de interferir nas investiga\u00e7\u00f5es.<\/em><\/p>\n\n\n\n<p><em>Tomo esta iniciativa com o cora\u00e7\u00e3o partido, de um inocente que quer mostrar a todo o custo a verdade das coisas, por\u00e9m que sabe que a verdade requer tempo. Sei de minha responsabilidade pol\u00edtica, que muito se difere da jur\u00eddica. Meu afastamento \u00e9 \u00fanica e exclusivamente decorrente de minha responsabilidade pol\u00edtica, que exige de mim um senso de pa\u00eds maior que quaisquer sentimentos pessoais.<\/em><\/p>\n\n\n\n<p><em>Assim sendo, n\u00e3o me despedirei, direi um at\u00e9 breve, pois depois de demonstrada minha inoc\u00eancia estarei de volta, para ajudar meu pa\u00eds e o Presidente Bolsonaro na sua dif\u00edcil, mas vitoriosa caminhada.<\/em><\/p>\n\n\n\n<p><em>Brasil acima de tudo!!! Deus acima de todos!!!<\/em><\/p>\n","protected":false},"excerpt":{"rendered":"<p>Nesta segunda-feira (28), o ministro da Educa\u00e7\u00e3o, Milton Ribeiro, decidiu pedir para deixar o cargo. O presidente Jair Bolsonaro aceitou o pedido de demiss\u00e3o e a exonera\u00e7\u00e3o do ministro foi publicada em uma edi\u00e7\u00e3o extra do Di\u00e1rio Oficial da Uni\u00e3o (DOU). A exonera\u00e7\u00e3o pode ser vista\u00a0aqui. A medida ocorre ap\u00f3s grava\u00e7\u00f5es do ministro da Educa\u00e7\u00e3o [&hellip;]<\/p>\n","protected":false},"author":2,"featured_media":10877,"comment_status":"open","ping_status":"open","sticky":false,"template":"","format":"standard","meta":[],"categories":[4],"tags":[14],"_links":{"self":[{"href":"https:\/\/dgospel.com.br\/portal\/index.php\/wp-json\/wp\/v2\/posts\/10876"}],"collection":[{"href":"https:\/\/dgospel.com.br\/portal\/index.php\/wp-json\/wp\/v2\/posts"}],"about":[{"href":"https:\/\/dgospel.com.br\/portal\/index.php\/wp-json\/wp\/v2\/types\/post"}],"author":[{"embeddable":true,"href":"https:\/\/dgospel.com.br\/portal\/index.php\/wp-json\/wp\/v2\/users\/2"}],"replies":[{"embeddable":true,"href":"https:\/\/dgospel.com.br\/portal\/index.php\/wp-json\/wp\/v2\/comments?post=10876"}],"version-history":[{"count":1,"href":"https:\/\/dgospel.com.br\/portal\/index.php\/wp-json\/wp\/v2\/posts\/10876\/revisions"}],"predecessor-version":[{"id":10878,"href":"https:\/\/dgospel.com.br\/portal\/index.php\/wp-json\/wp\/v2\/posts\/10876\/revisions\/10878"}],"wp:featuredmedia":[{"embeddable":true,"href":"https:\/\/dgospel.com.br\/portal\/index.php\/wp-json\/wp\/v2\/media\/10877"}],"wp:attachment":[{"href":"https:\/\/dgospel.com.br\/portal\/index.php\/wp-json\/wp\/v2\/media?parent=10876"}],"wp:term":[{"taxonomy":"category","embeddable":true,"href":"https:\/\/dgospel.com.br\/portal\/index.php\/wp-json\/wp\/v2\/categories?post=10876"},{"taxonomy":"post_tag","embeddable":true,"href":"https:\/\/dgospel.com.br\/portal\/index.php\/wp-json\/wp\/v2\/tags?post=10876"}],"curies":[{"name":"wp","href":"https:\/\/api.w.org\/{rel}","templated":true}]}}