{"id":1089,"date":"2018-08-23T15:55:32","date_gmt":"2018-08-23T18:55:32","guid":{"rendered":"http:\/\/dgospel.com.br\/portal\/?p=1089"},"modified":"2018-08-23T15:55:32","modified_gmt":"2018-08-23T18:55:32","slug":"governo-do-tocantins-intensifica-acoes-de-prevencao-contra-queimadas-no-interior","status":"publish","type":"post","link":"https:\/\/dgospel.com.br\/portal\/index.php\/2018\/08\/23\/governo-do-tocantins-intensifica-acoes-de-prevencao-contra-queimadas-no-interior\/","title":{"rendered":"Governo do Tocantins intensifica a\u00e7\u00f5es de preven\u00e7\u00e3o contra queimadas no interior"},"content":{"rendered":"<p class=\"yiv5587025524MsoNormal\">O munic\u00edpio de Lizarda recebe nesta quinta-feira, 23, as equipes de nove institui\u00e7\u00f5es envolvidas com as a\u00e7\u00f5es de preven\u00e7\u00e3o contra queimadas. O objetivo \u00e9 sensibilizar a popula\u00e7\u00e3o da zona rural sobre a import\u00e2ncia de evitar o uso do fogo em \u00e1reas abertas e assim evitar inc\u00eandios florestais. Participam da a\u00e7\u00e3o a Secretaria de Estado do Meio Ambiente e Recursos H\u00eddricos (Semarh), Delegacia Especializada na Repress\u00e3o aos Crimes Contra o Meio Ambiente (Dema), Instituto de Desenvolvimento Rural do Tocantins (Ruraltins), Ag\u00eancia de Defesa Agropecu\u00e1ria do Tocantins (Adapec), Coordenadoria Estadual da Defesa Civil, Instituto Natureza do Tocantins (Naturatins), Instituto brasileiro do Meio Ambiente e dos Recursos Naturais Renov\u00e1veis (Ibama), Prefeitura de Lizarda e Energisa.<\/p>\n<p class=\"yiv5587025524MsoNormal\">\n<p class=\"yiv5587025524MsoNormal\">Para atender a rota tra\u00e7ada, os t\u00e9cnicos formaram tr\u00eas grupos, assim a a\u00e7\u00e3o vai percorrer o Povoado Ema, o Povoado Brejo Dantas e a Ch\u00e1cara P\u00e9 da Serra \u2013 que re\u00fane v\u00e1rios chacareiros. Al\u00e9m de alertar sobre as perigos eminentes no per\u00edodo seco, a a\u00e7\u00e3o \u00e9 realizada para contemplar o Decreto Emergencial publicado no Di\u00e1rio Oficial n\u00ba 5.823\/2018, que declara situa\u00e7\u00e3o de risco de desastre ambiental resultante de inc\u00eandios florestais na \u00e1rea de cobertura vegetal de 11 munic\u00edpios do Tocantins: Formoso do Araguaia, Lagoa da Confus\u00e3o, Almas, Lizarda, Mateiros, Palmas, Paran\u00e3, Pium, Ponte Alta do Tocantins, Rio Sono e Santa Rita do Tocantins.<\/p>\n<p class=\"yiv5587025524MsoNormal\">\n<p class=\"yiv5587025524MsoNormal\">Desde\u00a0\u00a0junho, as institui\u00e7\u00f5es que comp\u00f5em que o Comit\u00ea Estadual de combate a Inc\u00eandios Florestais e controle de Queimadas no Estado do Tocantins (Comit\u00ea do Fogo) executam as a\u00e7\u00f5es que fazem parte do Dia D nas cidades de Formoso do Araguaia, Lagoa da Confus\u00e3o, Mateiros, Palmas, Paran\u00e3, Pium, Ponte Alta do Tocantins e Rio Sono. Nessa reta final, al\u00e9m de Lizarda, o Comit\u00ea do Fogo vai est\u00e1 presente no pr\u00f3ximo dia 28, na cidade de Santa Rita do Tocantins e no dia 30 de agosto finaliza no munic\u00edpio de Almas.<\/p>\n<p class=\"yiv5587025524MsoNormal\">\n<p class=\"yiv5587025524MsoNormal\">De acordo com o relat\u00f3rio emitido diariamente pelo Instituto Nacional de Pesquisas Espaciais (Inpe), o Tocantins est\u00e1 em terceiro lugar no ranking de queimadas com o acumulado de 3.747 focos de inc\u00eandios. Em primeiro lugar, o Mato Grosso aparece com 7.375 focos e em segundo o estado do Maranh\u00e3o com 4.062 registros.<\/p>\n","protected":false},"excerpt":{"rendered":"<p>O munic\u00edpio de Lizarda recebe nesta quinta-feira, 23, as equipes de nove institui\u00e7\u00f5es envolvidas com as a\u00e7\u00f5es de preven\u00e7\u00e3o contra queimadas. O objetivo \u00e9 sensibilizar a popula\u00e7\u00e3o da zona rural sobre a import\u00e2ncia de evitar o uso do fogo em \u00e1reas abertas e assim evitar inc\u00eandios florestais. Participam da a\u00e7\u00e3o a Secretaria de Estado do [&hellip;]<\/p>\n","protected":false},"author":2,"featured_media":1090,"comment_status":"open","ping_status":"open","sticky":false,"template":"","format":"standard","meta":[],"categories":[2,3],"tags":[],"_links":{"self":[{"href":"https:\/\/dgospel.com.br\/portal\/index.php\/wp-json\/wp\/v2\/posts\/1089"}],"collection":[{"href":"https:\/\/dgospel.com.br\/portal\/index.php\/wp-json\/wp\/v2\/posts"}],"about":[{"href":"https:\/\/dgospel.com.br\/portal\/index.php\/wp-json\/wp\/v2\/types\/post"}],"author":[{"embeddable":true,"href":"https:\/\/dgospel.com.br\/portal\/index.php\/wp-json\/wp\/v2\/users\/2"}],"replies":[{"embeddable":true,"href":"https:\/\/dgospel.com.br\/portal\/index.php\/wp-json\/wp\/v2\/comments?post=1089"}],"version-history":[{"count":1,"href":"https:\/\/dgospel.com.br\/portal\/index.php\/wp-json\/wp\/v2\/posts\/1089\/revisions"}],"predecessor-version":[{"id":1091,"href":"https:\/\/dgospel.com.br\/portal\/index.php\/wp-json\/wp\/v2\/posts\/1089\/revisions\/1091"}],"wp:featuredmedia":[{"embeddable":true,"href":"https:\/\/dgospel.com.br\/portal\/index.php\/wp-json\/wp\/v2\/media\/1090"}],"wp:attachment":[{"href":"https:\/\/dgospel.com.br\/portal\/index.php\/wp-json\/wp\/v2\/media?parent=1089"}],"wp:term":[{"taxonomy":"category","embeddable":true,"href":"https:\/\/dgospel.com.br\/portal\/index.php\/wp-json\/wp\/v2\/categories?post=1089"},{"taxonomy":"post_tag","embeddable":true,"href":"https:\/\/dgospel.com.br\/portal\/index.php\/wp-json\/wp\/v2\/tags?post=1089"}],"curies":[{"name":"wp","href":"https:\/\/api.w.org\/{rel}","templated":true}]}}