{"id":10892,"date":"2022-03-31T15:44:07","date_gmt":"2022-03-31T18:44:07","guid":{"rendered":"http:\/\/dgospel.com.br\/portal\/?p=10892"},"modified":"2022-03-31T15:44:08","modified_gmt":"2022-03-31T18:44:08","slug":"nove-ministros-deixam-o-governo-para-disputar-as-eleicoes-deste-ano","status":"publish","type":"post","link":"https:\/\/dgospel.com.br\/portal\/index.php\/2022\/03\/31\/nove-ministros-deixam-o-governo-para-disputar-as-eleicoes-deste-ano\/","title":{"rendered":"Nove ministros deixam o governo para disputar as elei\u00e7\u00f5es deste ano"},"content":{"rendered":"\n<ul><li><\/li><li><\/li><\/ul>\n\n\n\n<h2>Paulo Moura &#8211;&nbsp;31\/03\/2022&nbsp;07h49 | atualizado em 31\/03\/2022 11h18<\/h2>\n\n\n\n<figure class=\"wp-block-image\"><img src=\"https:\/\/static.cdn.pleno.news\/2021\/10\/CI_-_Comissa%CC%83o_de_Servic%CC%A7os_de_Infraestrutura_40381627071-768x510.jpeg\" alt=\"Ministro da Infraestrutura, Tarc\u00edsio Freitas\"\/><figcaption>Ministro da Infraestrutura, Tarc\u00edsio Freitas&nbsp;\/ Foto: Ag\u00eancia Senado\/Pedro Fran\u00e7a<\/figcaption><\/figure>\n\n\n\n<figure class=\"wp-block-image\"><img src=\"https:\/\/static.cdn.pleno.news\/2021\/10\/51563101418_f21d89bda1_k-768x512.jpg\" alt=\"Ministro do Trabalho, Onyx Lorenzoni\"\/><figcaption>Ministro do Trabalho, Onyx Lorenzoni&nbsp;\/ Foto: Alan Santos\/PR<\/figcaption><\/figure>\n\n\n\n<figure class=\"wp-block-image\"><img src=\"https:\/\/static.cdn.pleno.news\/2021\/12\/img20200304114031261-768x512.jpg\" alt=\"Ministro da Cidadania, Jo\u00e3o Roma\"\/><figcaption>Ministro da Cidadania, Jo\u00e3o Roma&nbsp;\/ Foto: C\u00e2mara dos Deputados\/Luis Macedo<\/figcaption><\/figure>\n\n\n\n<figure class=\"wp-block-image\"><img src=\"https:\/\/static.cdn.pleno.news\/2021\/10\/50932020578_bc59f7eb8c_c-768x512.jpg\" alt=\"Ministra da Mulher, Fam\u00edlia e Direitos Humanos, Damares Alves\"\/><figcaption>Ministra da Mulher, Fam\u00edlia e Direitos Humanos, Damares Alves&nbsp;\/ Foto: PR\/Alan Santos<\/figcaption><\/figure>\n\n\n\n<figure class=\"wp-block-image\"><img src=\"https:\/\/static.cdn.pleno.news\/2020\/12\/50729896956_c426adfd7c_k-e1608231503917-768x474.jpg\" alt=\"Ministro do Turismo, Gilson Machado\"\/><figcaption>Ministro do Turismo, Gilson Machado&nbsp;\/ Foto: Isac N\u00f3brega\/PR<\/figcaption><\/figure>\n\n\n\n<figure class=\"wp-block-image\"><img src=\"https:\/\/static.cdn.pleno.news\/2022\/01\/Roge%CC%81rio-Marinho-Previde%CC%82ncia-e1643659897128-768x466.jpeg\" alt=\"Ministro do Desenvolvimento Regional, Rog\u00e9rio Marinho\"\/><figcaption>Ministro do Desenvolvimento Regional, Rog\u00e9rio Marinho&nbsp;\/ Foto: Ag\u00eancia Brasil\/Fabio Pozzebom<\/figcaption><\/figure>\n\n\n\n<figure class=\"wp-block-image\"><img src=\"https:\/\/static.cdn.pleno.news\/2019\/10\/38573715420_3c138c65e7_k-768x433.jpg\" alt=\"Ministra da Agricultura, Tereza Cristina\"\/><figcaption>Ministra da Agricultura, Tereza Cristina&nbsp;\/ Foto: Ag\u00eancia Senado\/Marcos Oliveira<\/figcaption><\/figure>\n\n\n\n<figure class=\"wp-block-image\"><img src=\"https:\/\/static.cdn.pleno.news\/2021\/03\/img20200909123548919-768x512.jpg\" alt=\"Ministra da Secretaria de Governo, Fl\u00e1via Arruda\"\/><figcaption>Ministra da Secretaria de Governo, Fl\u00e1via Arruda&nbsp;\/ Foto: Luis Macedo\/C\u00e2mara dos Deputados<\/figcaption><\/figure>\n\n\n\n<figure class=\"wp-block-image\"><img src=\"https:\/\/static.cdn.pleno.news\/2019\/08\/marcos-pontes-e1565041435872.png\" alt=\"Ministro da Ci\u00eancia e Tecnologia, Marcos Pontes\"\/><figcaption>Ministro da Ci\u00eancia e Tecnologia, Marcos Pontes&nbsp;\/ Foto: M\u00e1rcio Nascimento\/MCTIC<\/figcaption><\/figure>\n\n\n\n<ul><li>1&nbsp;de 9<\/li><\/ul>\n\n\n\n<p>Nove ministros do governo federal deixam seus cargos nesta quinta-feira (31) para disputar as elei\u00e7\u00f5es deste ano. As exonera\u00e7\u00f5es foram publicadas no Di\u00e1rio Oficial da Uni\u00e3o (DOU) e ocorrem em raz\u00e3o da legisla\u00e7\u00e3o eleitoral, que prev\u00ea a necessidade de ministros de Estado deixarem os cargos at\u00e9 seis meses antes do pleito.<\/p>\n\n\n\n<p>Na maioria das pastas onde ocorrer\u00e1 a troca de gest\u00e3o, o presidente\u00a0<a rel=\"noreferrer noopener\" href=\"http:\/\/pleno.news\/tag\/jair-bolsonaro\" target=\"_blank\">Jair Bolsonaro<\/a>\u00a0nomeou secret\u00e1rios-executivos dos minist\u00e9rios, considerados vice-ministros dentro dos \u00f3rg\u00e3os onde atuam. O ministro da Cidadania, Jo\u00e3o Roma (PL), j\u00e1 havia adiantado, durante filia\u00e7\u00e3o ao Partido Liberal (PL), que o presidente escolheria substitutos t\u00e9cnicos e que j\u00e1 estavam nos minist\u00e9rios.<\/p>\n\n\n\n<p>Para marcar a sa\u00edda dos atuais ministros, uma cerim\u00f4nia ser\u00e1 realizada no Pal\u00e1cio do Planalto com in\u00edcio previsto para as 10h desta quinta-feira.<\/p>\n\n\n\n<p>Confira a seguir a lista dos ministros que deixam os cargos e para quais cargos eles devem concorrer neste ano:<\/p>\n\n\n\n<p><strong>Tarc\u00edsio de Freitas<\/strong>, ministro da Infraestrutura \u2013 disputar\u00e1 o governo de S\u00e3o Paulo, pelo Republicanos;<br><strong>Onyx Lorenzoni<\/strong>, ministro do Trabalho e Previd\u00eancia \u2013 disputar\u00e1 o governo do Rio Grande do Sul, pelo Partido Liberal;<br><strong>Jo\u00e3o Roma<\/strong>, ministro da Cidadania \u2013 disputar\u00e1 o governo da Bahia, pelo Partido Liberal;<br><strong>Damares Alves<\/strong>, ministra da Mulher, Fam\u00edlia e Direitos Humanos \u2013 disputar\u00e1 uma vaga ao Senado Federal pelo estado do Amap\u00e1, ou Sergipe ou pelo Distrito Federal, pelo partido Republicanos;<br><strong>Gilson Machado<\/strong>, ministro do Turismo \u2013 disputar\u00e1 uma vaga ao Senado Federal pelo estado de Pernambuco, pelo Partido Liberal;<br><strong>Rog\u00e9rio Marinho<\/strong>, ministro do Desenvolvimento Regional \u2013 disputar\u00e1 uma vaga ao Senado Federal pelo Rio Grande do Norte, pelo Partido Liberal;<br><strong>Tereza Cristina<\/strong>, ministra da Agricultura \u2013 disputar\u00e1 uma vaga ao Senado Federal, pelo estado do Mato Grosso do Sul, pelo partido Progressistas;<br><strong>Fl\u00e1via Arruda<\/strong>, ministra-chefe da Secretaria de Governo \u2013 disputar\u00e1 uma vaga ao Senado Federal, pelo Distrito Federal, pelo Partido Liberal; e<br><strong>Marcos Pontes<\/strong>, ministro da Ci\u00eancia e Tecnologia \u2013 disputar\u00e1 uma vaga na C\u00e2mara dos Deputados, por S\u00e3o Paulo, pelo partido Partido Liberal.<\/p>\n\n\n\n<p>E confira a seguir a lista de nomes dos que assumem os minist\u00e9rios a partir de agora:<\/p>\n\n\n\n<p><strong>Marcelo Sampaio Cunha Filho<\/strong>, novo ministro da Infraestrutura no lugar de Tarc\u00edsio de Freitas;<br><strong>Jos\u00e9 Carlos Oliveira<\/strong>, novo ministro do Trabalho e Previd\u00eancia no lugar de Onyx Lorenzoni;<br><strong>Ronaldo Vieira Bento<\/strong>, novo ministro da Cidadania no lugar de Jo\u00e3o Roma;<br><strong>Cristiane Rodrigues Britto<\/strong>, nova ministra da Mulher, Fam\u00edlia e Direitos Humanos no lugar de Damares Alves;<br><strong>Carlos Alberto Gomes de Brito<\/strong>, novo ministro do Turismo no lugar de Gilson Machado;<br><strong>Daniel Ferreira<\/strong>, novo ministro do Desenvolvimento Regional no lugar de Rog\u00e9rio Marinho;<br><strong>Marcos Montes<\/strong>, novo ministro da Agricultura no lugar de Tereza Cristina;<br><strong>C\u00e9lio Faria J\u00fanior<\/strong>, novo ministro-chefe da Secretaria de Governo no lugar de Fl\u00e1via Arruda;<br><strong>Paulo C\u00e9sar Alvim<\/strong>, novo ministro da Ci\u00eancia e Tecnologia no lugar de Marcos Pontes.<\/p>\n\n\n\n<figure class=\"wp-block-image\"><img src=\"https:\/\/static.cdn.pleno.news\/2021\/10\/CI_-_Comissa%CC%83o_de_Servic%CC%A7os_de_Infraestrutura_40381627071-768x510.jpeg\" alt=\"Ministro da Infraestrutura, Tarc\u00edsio Freitas\"\/><figcaption>Ministro da Infraestrutura, Tarc\u00edsio Freitas&nbsp;\/ Foto: Ag\u00eancia Senado\/Pedro Fran\u00e7a<\/figcaption><\/figure>\n\n\n\n<figure class=\"wp-block-image\"><img src=\"https:\/\/static.cdn.pleno.news\/2021\/10\/51563101418_f21d89bda1_k-768x512.jpg\" alt=\"Ministro do Trabalho, Onyx Lorenzoni\"\/><figcaption>Ministro do Trabalho, Onyx Lorenzoni&nbsp;\/ Foto: Alan Santos\/PR<\/figcaption><\/figure>\n\n\n\n<figure class=\"wp-block-image\"><img src=\"https:\/\/static.cdn.pleno.news\/2021\/12\/img20200304114031261-768x512.jpg\" alt=\"Ministro da Cidadania, Jo\u00e3o Roma\"\/><figcaption>Ministro da Cidadania, Jo\u00e3o Roma&nbsp;\/ Foto: C\u00e2mara dos Deputados\/Luis Macedo<\/figcaption><\/figure>\n\n\n\n<figure class=\"wp-block-image\"><img src=\"https:\/\/static.cdn.pleno.news\/2021\/10\/50932020578_bc59f7eb8c_c-768x512.jpg\" alt=\"Ministra da Mulher, Fam\u00edlia e Direitos Humanos, Damares Alves\"\/><figcaption>Ministra da Mulher, Fam\u00edlia e Direitos Humanos, Damares Alves&nbsp;\/ Foto: PR\/Alan Santos<\/figcaption><\/figure>\n\n\n\n<figure class=\"wp-block-image\"><img src=\"https:\/\/static.cdn.pleno.news\/2020\/12\/50729896956_c426adfd7c_k-e1608231503917-768x474.jpg\" alt=\"Ministro do Turismo, Gilson Machado\"\/><figcaption>Ministro do Turismo, Gilson Machado&nbsp;\/ Foto: Isac N\u00f3brega\/PR<\/figcaption><\/figure>\n\n\n\n<figure class=\"wp-block-image\"><img src=\"https:\/\/static.cdn.pleno.news\/2022\/01\/Roge%CC%81rio-Marinho-Previde%CC%82ncia-e1643659897128-768x466.jpeg\" alt=\"Ministro do Desenvolvimento Regional, Rog\u00e9rio Marinho\"\/><figcaption>Ministro do Desenvolvimento Regional, Rog\u00e9rio Marinho&nbsp;\/ Foto: Ag\u00eancia Brasil\/Fabio Pozzebom<\/figcaption><\/figure>\n\n\n\n<figure class=\"wp-block-image\"><img src=\"https:\/\/static.cdn.pleno.news\/2019\/10\/38573715420_3c138c65e7_k-768x433.jpg\" alt=\"Ministra da Agricultura, Tereza Cristina\"\/><figcaption>Ministra da Agricultura, Tereza Cristina&nbsp;\/ Foto: Ag\u00eancia Senado\/Marcos Oliveira<\/figcaption><\/figure>\n\n\n\n<figure class=\"wp-block-image\"><img src=\"https:\/\/static.cdn.pleno.news\/2021\/03\/img20200909123548919-768x512.jpg\" alt=\"Ministra da Secretaria de Governo, Fl\u00e1via Arruda\"\/><figcaption>Ministra da Secretaria de Governo, Fl\u00e1via Arruda&nbsp;\/ Foto: Luis Macedo\/C\u00e2mara dos Deputados<\/figcaption><\/figure>\n\n\n\n<figure class=\"wp-block-image\"><img src=\"https:\/\/static.cdn.pleno.news\/2019\/08\/marcos-pontes-e1565041435872.png\" alt=\"Ministro da Ci\u00eancia e Tecnologia, Marcos Pontes\"\/><figcaption>Ministro da Ci\u00eancia e Tecnologia, Marcos Pontes&nbsp;\/ Foto: M\u00e1rcio Nascimento\/MCTIC<\/figcaption><\/figure>\n\n\n\n<ul><li>2&nbsp;de 9<\/li><\/ul>\n\n\n\n<p><\/p>\n","protected":false},"excerpt":{"rendered":"<p>Paulo Moura &#8211;&nbsp;31\/03\/2022&nbsp;07h49 | atualizado em 31\/03\/2022 11h18 1&nbsp;de 9 Nove ministros do governo federal deixam seus cargos nesta quinta-feira (31) para disputar as elei\u00e7\u00f5es deste ano. As exonera\u00e7\u00f5es foram publicadas no Di\u00e1rio Oficial da Uni\u00e3o (DOU) e ocorrem em raz\u00e3o da legisla\u00e7\u00e3o eleitoral, que prev\u00ea a necessidade de ministros de Estado deixarem os cargos [&hellip;]<\/p>\n","protected":false},"author":2,"featured_media":10893,"comment_status":"open","ping_status":"open","sticky":false,"template":"","format":"standard","meta":[],"categories":[4],"tags":[13],"_links":{"self":[{"href":"https:\/\/dgospel.com.br\/portal\/index.php\/wp-json\/wp\/v2\/posts\/10892"}],"collection":[{"href":"https:\/\/dgospel.com.br\/portal\/index.php\/wp-json\/wp\/v2\/posts"}],"about":[{"href":"https:\/\/dgospel.com.br\/portal\/index.php\/wp-json\/wp\/v2\/types\/post"}],"author":[{"embeddable":true,"href":"https:\/\/dgospel.com.br\/portal\/index.php\/wp-json\/wp\/v2\/users\/2"}],"replies":[{"embeddable":true,"href":"https:\/\/dgospel.com.br\/portal\/index.php\/wp-json\/wp\/v2\/comments?post=10892"}],"version-history":[{"count":1,"href":"https:\/\/dgospel.com.br\/portal\/index.php\/wp-json\/wp\/v2\/posts\/10892\/revisions"}],"predecessor-version":[{"id":10894,"href":"https:\/\/dgospel.com.br\/portal\/index.php\/wp-json\/wp\/v2\/posts\/10892\/revisions\/10894"}],"wp:featuredmedia":[{"embeddable":true,"href":"https:\/\/dgospel.com.br\/portal\/index.php\/wp-json\/wp\/v2\/media\/10893"}],"wp:attachment":[{"href":"https:\/\/dgospel.com.br\/portal\/index.php\/wp-json\/wp\/v2\/media?parent=10892"}],"wp:term":[{"taxonomy":"category","embeddable":true,"href":"https:\/\/dgospel.com.br\/portal\/index.php\/wp-json\/wp\/v2\/categories?post=10892"},{"taxonomy":"post_tag","embeddable":true,"href":"https:\/\/dgospel.com.br\/portal\/index.php\/wp-json\/wp\/v2\/tags?post=10892"}],"curies":[{"name":"wp","href":"https:\/\/api.w.org\/{rel}","templated":true}]}}