{"id":109,"date":"2018-05-11T23:33:42","date_gmt":"2018-05-12T02:33:42","guid":{"rendered":"http:\/\/dgospel.com.br\/portal\/?p=109"},"modified":"2018-05-11T23:33:42","modified_gmt":"2018-05-12T02:33:42","slug":"presbitero-marcelo-medeiros-assume-presidencia-do-pmn-jovem-estadual","status":"publish","type":"post","link":"https:\/\/dgospel.com.br\/portal\/index.php\/2018\/05\/11\/presbitero-marcelo-medeiros-assume-presidencia-do-pmn-jovem-estadual\/","title":{"rendered":"Presb\u00edtero Marcelo Medeiros assume presid\u00eancia do PMN jovem estadual"},"content":{"rendered":"<p>Marcelo Medeiros assumiu a presid\u00eancia do Partido da Mobiliza\u00e7\u00e3o Nacional\u00a0(PMN) jovem estadual. O presidente da sigla no Tocantins, Nuir J\u00fanior, que \u00e9 pr\u00e9-candidato a Deputado Federal, convidou Medeiros para assumir a presid\u00eancia PMN jovem, com o desafio de atrair a juventude ao partido.<\/p>\n<p>Marcelo Medeiros que \u00e9 presb\u00edtero da Assembleia de Deus CIADSETA, em Taquaralto, diz acreditar em um novo tempo para o Tocantins aonde os jovens ter\u00e3o mais oportunidades. Com o desafio de fortalecer o partido no meio jovem, Medeiros articula a filia\u00e7\u00e3o da juventude em todo Estado.<\/p>\n","protected":false},"excerpt":{"rendered":"<p>Marcelo Medeiros assumiu a presid\u00eancia do Partido da Mobiliza\u00e7\u00e3o Nacional\u00a0(PMN) jovem estadual. O presidente da sigla no Tocantins, Nuir J\u00fanior, que \u00e9 pr\u00e9-candidato a Deputado Federal, convidou Medeiros para assumir a presid\u00eancia PMN jovem, com o desafio de atrair a juventude ao partido. Marcelo Medeiros que \u00e9 presb\u00edtero da Assembleia de Deus CIADSETA, em Taquaralto, [&hellip;]<\/p>\n","protected":false},"author":2,"featured_media":110,"comment_status":"open","ping_status":"open","sticky":false,"template":"","format":"standard","meta":[],"categories":[2,4],"tags":[],"_links":{"self":[{"href":"https:\/\/dgospel.com.br\/portal\/index.php\/wp-json\/wp\/v2\/posts\/109"}],"collection":[{"href":"https:\/\/dgospel.com.br\/portal\/index.php\/wp-json\/wp\/v2\/posts"}],"about":[{"href":"https:\/\/dgospel.com.br\/portal\/index.php\/wp-json\/wp\/v2\/types\/post"}],"author":[{"embeddable":true,"href":"https:\/\/dgospel.com.br\/portal\/index.php\/wp-json\/wp\/v2\/users\/2"}],"replies":[{"embeddable":true,"href":"https:\/\/dgospel.com.br\/portal\/index.php\/wp-json\/wp\/v2\/comments?post=109"}],"version-history":[{"count":1,"href":"https:\/\/dgospel.com.br\/portal\/index.php\/wp-json\/wp\/v2\/posts\/109\/revisions"}],"predecessor-version":[{"id":111,"href":"https:\/\/dgospel.com.br\/portal\/index.php\/wp-json\/wp\/v2\/posts\/109\/revisions\/111"}],"wp:featuredmedia":[{"embeddable":true,"href":"https:\/\/dgospel.com.br\/portal\/index.php\/wp-json\/wp\/v2\/media\/110"}],"wp:attachment":[{"href":"https:\/\/dgospel.com.br\/portal\/index.php\/wp-json\/wp\/v2\/media?parent=109"}],"wp:term":[{"taxonomy":"category","embeddable":true,"href":"https:\/\/dgospel.com.br\/portal\/index.php\/wp-json\/wp\/v2\/categories?post=109"},{"taxonomy":"post_tag","embeddable":true,"href":"https:\/\/dgospel.com.br\/portal\/index.php\/wp-json\/wp\/v2\/tags?post=109"}],"curies":[{"name":"wp","href":"https:\/\/api.w.org\/{rel}","templated":true}]}}