{"id":10901,"date":"2022-03-31T16:38:36","date_gmt":"2022-03-31T19:38:36","guid":{"rendered":"http:\/\/dgospel.com.br\/portal\/?p=10901"},"modified":"2022-03-31T16:38:37","modified_gmt":"2022-03-31T19:38:37","slug":"agrotins-2022-e-vista-com-expectativas-na-geracao-de-negocios-pelos-expositores","status":"publish","type":"post","link":"https:\/\/dgospel.com.br\/portal\/index.php\/2022\/03\/31\/agrotins-2022-e-vista-com-expectativas-na-geracao-de-negocios-pelos-expositores\/","title":{"rendered":"Agrotins 2022 \u00e9 vista com expectativas na gera\u00e7\u00e3o de neg\u00f3cios pelos expositores"},"content":{"rendered":"\n<p>No lan\u00e7amento oficial da 22\u00aa edi\u00e7\u00e3o da Feira de Tecnologia Agropecu\u00e1ria do Tocantins (Agrotins 2022), na manh\u00e3 desta quarta-feira, 30, no Pal\u00e1cio Araguaia, os expositores demonstraram suas expectativas para a movimenta\u00e7\u00e3o de neg\u00f3cios. A feira, com o tema central:&nbsp;<em>Integrar, Intensificar para Preservar<\/em>, ocorrer\u00e1 de 10 a 14 de maio, no Parque Agrotecnol\u00f3gico de Palmas, na TO-050, sa\u00edda para Porto Nacional.<\/p>\n\n\n\n<p>O titular da Secretaria de Estado da Agricultura, Pecu\u00e1ria e Aquicultura (Seagro), Jaime Caf\u00e9, falou das expectativas para a feira. \u201cAs empresas est\u00e3o muito interessadas em expor na Agrotins, est\u00e1 havendo muita procura. E a feira \u00e9 um momento para que eles possam apresentar as inova\u00e7\u00f5es tecnol\u00f3gicas aos produtores, visando \u00e0 movimenta\u00e7\u00e3o de neg\u00f3cios e, consequentemente, o desenvolvimento agropecu\u00e1rio do Estado\u201d, explicou.<\/p>\n\n\n\n<p>O gerente comercial da empresa Jacto, Bruno Rafael, \u00e9 um dos expositores que espera gerar neg\u00f3cios nos cincos dias da feira. \u201cH\u00e1 seis anos, estamos presentes na Agrotins, com a venda de ve\u00edculos pulverizadores de lavouras e, agora, ap\u00f3s 2 anos sem a feira f\u00edsica, estamos esperando ansiosos a retomada para novos neg\u00f3cios\u201d, frisou.<\/p>\n\n\n\n<p>O empres\u00e1rio, produtor e representante da empresa de sementes Uniggel, Fausto Garcia, explicou que exp\u00f5e na Agrotins h\u00e1 14 anos e, a cada ano, \u00e9 uma expectativa a mais. \u201cEste ano, a expectativa triplicou, ap\u00f3s dois anos sem a feira. N\u00f3s expositores estamos esperando muito por este momento, principalmente para comercializar nossos produtos e movimentar nossos neg\u00f3cios\u201d, declarou.<\/p>\n\n\n\n<p>J\u00e1 o s\u00f3cio-propriet\u00e1rio da empresa Terra Forte, Rafael Naves, participa da Agrotins h\u00e1 sete anos, oferecendo consultoria de servi\u00e7os por meio do Vant (ve\u00edculo a\u00e9reo n\u00e3o tripulado) aos produtores do Estado. \u201cA Agrotins \u00e9 uma vitrine ideal para expor nossos produtos. Nosso servi\u00e7o \u00e9 muito importante, pois possibilitamos, ao produtor, o mapeamento da sua propriedade, do terreno e do solo, visando \u00e0 qualidade, produtividade, precis\u00e3o e resultado satisfat\u00f3rio na produ\u00e7\u00e3o\u201d, afirmou.<\/p>\n\n\n\n<p><strong>Agrotins<\/strong><\/p>\n\n\n\n<p>Realizada em uma \u00e1rea total de 70 hectares, a Feira envolve mais de 600 expositores de diversos ramos do agroneg\u00f3cio, ve\u00edculos leves e pesados, m\u00e1quinas e tratores, implementos agr\u00edcolas, animais de diversas ra\u00e7as e esp\u00e9cies, produtos da agricultura familiar, vitrines de gr\u00e3os, presta\u00e7\u00e3o de servi\u00e7os de empresas e \u00f3rg\u00e3os p\u00fablicos, dentre outros produtos.<\/p>\n\n\n\n<p>A Feira \u00e9 uma organiza\u00e7\u00e3o do Governo do Estado, por meio da Seagro e suas vinculadas, a Ag\u00eancia de Defesa Agropecu\u00e1ria (Adapec), o Instituto de Desenvolvimento Rural do Tocantins (Ruraltins), al\u00e9m da Funda\u00e7\u00e3o de Amparo \u00e0 Pesquisa (Fapt), Tocantins Parcerias, e em conjunto com empresas, institui\u00e7\u00f5es de governo, pesquisas e educacionais, entre outras.<\/p>\n\n\n\n<figure class=\"wp-block-image\"><img src=\"https:\/\/central.to.gov.br\/image\/285583?w=670&amp;h=383\" alt=\"\"\/><\/figure>\n\n\n\n<p>Rafael Naves, representante da empresa Terra Forte Consultoria &#8211; Lincoln Filho\/Governo do Tocantins.<\/p>\n\n\n\n<figure class=\"wp-block-image\"><img src=\"https:\/\/central.to.gov.br\/image\/285584?w=670&amp;h=383\" alt=\"\"\/><\/figure>\n\n\n\n<p>Fausto Garcia, representante da empresa Uniggel Sementes &#8211; Lincoln Filho\/Governo do Tocantins\n\n<\/p>\n","protected":false},"excerpt":{"rendered":"<p>No lan\u00e7amento oficial da 22\u00aa edi\u00e7\u00e3o da Feira de Tecnologia Agropecu\u00e1ria do Tocantins (Agrotins 2022), na manh\u00e3 desta quarta-feira, 30, no Pal\u00e1cio Araguaia, os expositores demonstraram suas expectativas para a movimenta\u00e7\u00e3o de neg\u00f3cios. A feira, com o tema central:&nbsp;Integrar, Intensificar para Preservar, ocorrer\u00e1 de 10 a 14 de maio, no Parque Agrotecnol\u00f3gico de Palmas, na [&hellip;]<\/p>\n","protected":false},"author":2,"featured_media":10902,"comment_status":"open","ping_status":"open","sticky":false,"template":"","format":"standard","meta":[],"categories":[3],"tags":[13],"_links":{"self":[{"href":"https:\/\/dgospel.com.br\/portal\/index.php\/wp-json\/wp\/v2\/posts\/10901"}],"collection":[{"href":"https:\/\/dgospel.com.br\/portal\/index.php\/wp-json\/wp\/v2\/posts"}],"about":[{"href":"https:\/\/dgospel.com.br\/portal\/index.php\/wp-json\/wp\/v2\/types\/post"}],"author":[{"embeddable":true,"href":"https:\/\/dgospel.com.br\/portal\/index.php\/wp-json\/wp\/v2\/users\/2"}],"replies":[{"embeddable":true,"href":"https:\/\/dgospel.com.br\/portal\/index.php\/wp-json\/wp\/v2\/comments?post=10901"}],"version-history":[{"count":1,"href":"https:\/\/dgospel.com.br\/portal\/index.php\/wp-json\/wp\/v2\/posts\/10901\/revisions"}],"predecessor-version":[{"id":10903,"href":"https:\/\/dgospel.com.br\/portal\/index.php\/wp-json\/wp\/v2\/posts\/10901\/revisions\/10903"}],"wp:featuredmedia":[{"embeddable":true,"href":"https:\/\/dgospel.com.br\/portal\/index.php\/wp-json\/wp\/v2\/media\/10902"}],"wp:attachment":[{"href":"https:\/\/dgospel.com.br\/portal\/index.php\/wp-json\/wp\/v2\/media?parent=10901"}],"wp:term":[{"taxonomy":"category","embeddable":true,"href":"https:\/\/dgospel.com.br\/portal\/index.php\/wp-json\/wp\/v2\/categories?post=10901"},{"taxonomy":"post_tag","embeddable":true,"href":"https:\/\/dgospel.com.br\/portal\/index.php\/wp-json\/wp\/v2\/tags?post=10901"}],"curies":[{"name":"wp","href":"https:\/\/api.w.org\/{rel}","templated":true}]}}