{"id":10907,"date":"2022-03-31T16:43:38","date_gmt":"2022-03-31T19:43:38","guid":{"rendered":"http:\/\/dgospel.com.br\/portal\/?p=10907"},"modified":"2022-03-31T16:43:39","modified_gmt":"2022-03-31T19:43:39","slug":"governo-do-tocantins-inicia-capacitacao-dos-profissionais-para-campanha-de-vacinacao-contra-influenza-e-sarampo","status":"publish","type":"post","link":"https:\/\/dgospel.com.br\/portal\/index.php\/2022\/03\/31\/governo-do-tocantins-inicia-capacitacao-dos-profissionais-para-campanha-de-vacinacao-contra-influenza-e-sarampo\/","title":{"rendered":"Governo do Tocantins inicia capacita\u00e7\u00e3o dos profissionais para campanha de vacina\u00e7\u00e3o contra Influenza e Sarampo"},"content":{"rendered":"\n<p>&#8220;Este encontro presencial nos possibilitou tirar as d\u00favidas e ampliar nossa vis\u00e3o, por meio da troca de ideias entre os participantes. Para mim, est\u00e1 muito proveitoso&#8221;.&nbsp; Assim, a t\u00e9cnica em enfermagem, de Couto Magalh\u00e3es, Let\u00edcia Pereira Alves, avaliou a primeira capacita\u00e7\u00e3o presencial, realizada pelo Governo do Tocantins, por meio da Secretaria de Estado da Sa\u00fade (SES-TO), para as equipes de imuniza\u00e7\u00e3o dos munic\u00edpios tocantinenses, desde o in\u00edcio da pandemia causada pela covid-19.<\/p>\n\n\n\n<p>O evento, coordenado pela Ger\u00eancia de Imuniza\u00e7\u00e3o da SES-TO, ocorre nesta quinta-feira, 31, no audit\u00f3rio do Quartel do Comando Geral da Pol\u00edcia Militar (QCG), das 8 \u00e0s 12 horas e das 14 \u00e0s 18 horas e segue de forma on-line, na sexta-feira, 1\u00b0 de abril.<\/p>\n\n\n\n<p>Segundo a gerente de Imuniza\u00e7\u00e3o da SES-TO, Diandra Sena, &#8220;nesta quinta e sexta-feira, a Ger\u00eancia de Imuniza\u00e7\u00e3o est\u00e1 realizando capacita\u00e7\u00f5es das equipes t\u00e9cnicas, com informes oficiais sobre grupos priorit\u00e1rios, distribui\u00e7\u00e3o e manejo das doses e orienta\u00e7\u00f5es gerais sobre a efetiva\u00e7\u00e3o da imuniza\u00e7\u00e3o em cada cidade&#8221;, destacou.<\/p>\n\n\n\n<p>Sobre as campanhas, a gerente explicou que &#8220;no dia 4, inicia mais uma campanha anual de vacina\u00e7\u00e3o contra a Influenza e a campanha de vacina\u00e7\u00e3o contra o Sarampo. A diferen\u00e7a \u00e9 que a campanha da Influenza mant\u00e9m os mesmos p\u00fablicos alvos, divulgados todos os anos, j\u00e1 a do Sarampo \u00e9 direcionada aos trabalhadores da sa\u00fade, que n\u00e3o t\u00eam no cart\u00e3o duas doses da vacina e as crian\u00e7as de 6 meses a menores de 5 anos de idade&#8221;, afirmou Diandra Sena.<\/p>\n\n\n\n<p>Para a enfermeira coordenadora de imuniza\u00e7\u00e3o de Marian\u00f3polis, Rayllane Cirqueira de Oliveira, &#8220;o encontro presente \u00e9 melhor, pois as informa\u00e7\u00f5es ficam mais claras, pois se eu estiver na web, tenho que participar direto do trabalho e toda hora uma demanda me tira a aten\u00e7\u00e3o. Al\u00e9m disso, aqui, conseguimos fazer essa integra\u00e7\u00e3o entre os munic\u00edpios&#8221;, informou.<\/p>\n\n\n\n<figure class=\"wp-block-image\"><img src=\"https:\/\/central.to.gov.br\/image\/285658?w=670&amp;h=383\" alt=\"\"\/><\/figure>\n\n\n\n<p>Diandra Sena fala sobre a capacita\u00e7\u00e3o e a campanha de vacina\u00e7\u00e3o &#8211; Mariana Ferreira\/Governo do Tocantins<\/p>\n\n\n\n<figure class=\"wp-block-image\"><img src=\"https:\/\/central.to.gov.br\/image\/285659?w=670&amp;h=383\" alt=\"\"\/><\/figure>\n\n\n\n<p>Let\u00edcia Pereira Alves aproveitou o encontro para interagir com outras equipes &#8211; Mariana Ferreira\/Governo do Tocantins\u00a0<\/p>\n","protected":false},"excerpt":{"rendered":"<p>&#8220;Este encontro presencial nos possibilitou tirar as d\u00favidas e ampliar nossa vis\u00e3o, por meio da troca de ideias entre os participantes. Para mim, est\u00e1 muito proveitoso&#8221;.&nbsp; Assim, a t\u00e9cnica em enfermagem, de Couto Magalh\u00e3es, Let\u00edcia Pereira Alves, avaliou a primeira capacita\u00e7\u00e3o presencial, realizada pelo Governo do Tocantins, por meio da Secretaria de Estado da Sa\u00fade [&hellip;]<\/p>\n","protected":false},"author":2,"featured_media":10908,"comment_status":"open","ping_status":"open","sticky":false,"template":"","format":"standard","meta":[],"categories":[3],"tags":[13],"_links":{"self":[{"href":"https:\/\/dgospel.com.br\/portal\/index.php\/wp-json\/wp\/v2\/posts\/10907"}],"collection":[{"href":"https:\/\/dgospel.com.br\/portal\/index.php\/wp-json\/wp\/v2\/posts"}],"about":[{"href":"https:\/\/dgospel.com.br\/portal\/index.php\/wp-json\/wp\/v2\/types\/post"}],"author":[{"embeddable":true,"href":"https:\/\/dgospel.com.br\/portal\/index.php\/wp-json\/wp\/v2\/users\/2"}],"replies":[{"embeddable":true,"href":"https:\/\/dgospel.com.br\/portal\/index.php\/wp-json\/wp\/v2\/comments?post=10907"}],"version-history":[{"count":1,"href":"https:\/\/dgospel.com.br\/portal\/index.php\/wp-json\/wp\/v2\/posts\/10907\/revisions"}],"predecessor-version":[{"id":10909,"href":"https:\/\/dgospel.com.br\/portal\/index.php\/wp-json\/wp\/v2\/posts\/10907\/revisions\/10909"}],"wp:featuredmedia":[{"embeddable":true,"href":"https:\/\/dgospel.com.br\/portal\/index.php\/wp-json\/wp\/v2\/media\/10908"}],"wp:attachment":[{"href":"https:\/\/dgospel.com.br\/portal\/index.php\/wp-json\/wp\/v2\/media?parent=10907"}],"wp:term":[{"taxonomy":"category","embeddable":true,"href":"https:\/\/dgospel.com.br\/portal\/index.php\/wp-json\/wp\/v2\/categories?post=10907"},{"taxonomy":"post_tag","embeddable":true,"href":"https:\/\/dgospel.com.br\/portal\/index.php\/wp-json\/wp\/v2\/tags?post=10907"}],"curies":[{"name":"wp","href":"https:\/\/api.w.org\/{rel}","templated":true}]}}