{"id":1092,"date":"2018-08-23T16:11:19","date_gmt":"2018-08-23T19:11:19","guid":{"rendered":"http:\/\/dgospel.com.br\/portal\/?p=1092"},"modified":"2018-08-23T16:11:19","modified_gmt":"2018-08-23T19:11:19","slug":"em-video-cinthia-ribeiro-reforca-apoio-a-candidatura-de-carlos-amastha-a-governador","status":"publish","type":"post","link":"https:\/\/dgospel.com.br\/portal\/index.php\/2018\/08\/23\/em-video-cinthia-ribeiro-reforca-apoio-a-candidatura-de-carlos-amastha-a-governador\/","title":{"rendered":"Em v\u00eddeo, Cinthia Ribeiro refor\u00e7a apoio \u00e0 candidatura de Carlos Amastha a governador"},"content":{"rendered":"<p class=\"yiv4157542041MsoNormal\">A prefeita de Palmas, Cinthia Ribeiro (PSDB), refor\u00e7ou o respaldo pol\u00edtico \u00e0s candidaturas da Coliga\u00e7\u00e3o A Verdadeira Mudan\u00e7a e do correligion\u00e1rio Geraldo Alckmin a presidente da Rep\u00fablica. Com um compromisso com a orquestra sinf\u00f4nica da Capital agendado h\u00e1 mais de dois meses, Cinthia n\u00e3o p\u00f4de ir ao evento pol\u00edtico realizado em Gurupi, mas gravou um v\u00eddeo reafirmando o total apoio. O v\u00eddeo foi exibido durante a grande reuni\u00e3o realizada na Feira da Rua 13, no Setor Horizonte.<\/p>\n<p class=\"yiv4157542041MsoNormal\">\u201cEsse \u00e9 o time vencedor que escolhi acompanhar e seguir junto ainda em 2016. Estou aqui na gest\u00e3o transformadora que Carlos Amastha imprimiu \u00e0 frente da prefeitura da capital. Tenho certeza que a\u00ed est\u00e3o os mais preparados e experientes para conduzir o Tocantins\u201d, frisou Cinthia, que tamb\u00e9m destacou o candidato Alckmin e o candidato a vice-governador, Oswaldo Stival.<\/p>\n<p class=\"yiv4157542041MsoNormal\">\n","protected":false},"excerpt":{"rendered":"<p>A prefeita de Palmas, Cinthia Ribeiro (PSDB), refor\u00e7ou o respaldo pol\u00edtico \u00e0s candidaturas da Coliga\u00e7\u00e3o A Verdadeira Mudan\u00e7a e do correligion\u00e1rio Geraldo Alckmin a presidente da Rep\u00fablica. Com um compromisso com a orquestra sinf\u00f4nica da Capital agendado h\u00e1 mais de dois meses, Cinthia n\u00e3o p\u00f4de ir ao evento pol\u00edtico realizado em Gurupi, mas gravou um [&hellip;]<\/p>\n","protected":false},"author":2,"featured_media":1093,"comment_status":"open","ping_status":"open","sticky":false,"template":"","format":"standard","meta":[],"categories":[2,4],"tags":[],"_links":{"self":[{"href":"https:\/\/dgospel.com.br\/portal\/index.php\/wp-json\/wp\/v2\/posts\/1092"}],"collection":[{"href":"https:\/\/dgospel.com.br\/portal\/index.php\/wp-json\/wp\/v2\/posts"}],"about":[{"href":"https:\/\/dgospel.com.br\/portal\/index.php\/wp-json\/wp\/v2\/types\/post"}],"author":[{"embeddable":true,"href":"https:\/\/dgospel.com.br\/portal\/index.php\/wp-json\/wp\/v2\/users\/2"}],"replies":[{"embeddable":true,"href":"https:\/\/dgospel.com.br\/portal\/index.php\/wp-json\/wp\/v2\/comments?post=1092"}],"version-history":[{"count":1,"href":"https:\/\/dgospel.com.br\/portal\/index.php\/wp-json\/wp\/v2\/posts\/1092\/revisions"}],"predecessor-version":[{"id":1094,"href":"https:\/\/dgospel.com.br\/portal\/index.php\/wp-json\/wp\/v2\/posts\/1092\/revisions\/1094"}],"wp:featuredmedia":[{"embeddable":true,"href":"https:\/\/dgospel.com.br\/portal\/index.php\/wp-json\/wp\/v2\/media\/1093"}],"wp:attachment":[{"href":"https:\/\/dgospel.com.br\/portal\/index.php\/wp-json\/wp\/v2\/media?parent=1092"}],"wp:term":[{"taxonomy":"category","embeddable":true,"href":"https:\/\/dgospel.com.br\/portal\/index.php\/wp-json\/wp\/v2\/categories?post=1092"},{"taxonomy":"post_tag","embeddable":true,"href":"https:\/\/dgospel.com.br\/portal\/index.php\/wp-json\/wp\/v2\/tags?post=1092"}],"curies":[{"name":"wp","href":"https:\/\/api.w.org\/{rel}","templated":true}]}}