{"id":10932,"date":"2022-04-05T22:21:20","date_gmt":"2022-04-06T01:21:20","guid":{"rendered":"http:\/\/dgospel.com.br\/portal\/?p=10932"},"modified":"2022-04-05T22:21:21","modified_gmt":"2022-04-06T01:21:21","slug":"bolsonaro-diz-que-tem-o-povo-como-maior-exercito-do-mundo","status":"publish","type":"post","link":"https:\/\/dgospel.com.br\/portal\/index.php\/2022\/04\/05\/bolsonaro-diz-que-tem-o-povo-como-maior-exercito-do-mundo\/","title":{"rendered":"Bolsonaro diz que tem o povo como \u2018maior ex\u00e9rcito do mundo\u2019"},"content":{"rendered":"\n<p>O presidente Jair Bolsonaro (PL) afirmou nesta ter\u00e7a-feira (5), que tem o povo brasileiro como o \u201cmaior ex\u00e9rcito do mundo\u201d para atingir seus objetivos e garantir a democracia e a liberdade no pa\u00eds.<\/p>\n\n\n\n<p>\u2013 Juntos, e ao lado do maior ex\u00e9rcito do mundo, nosso povo, atingiremos nossos objetivos e garantiremos a democracia e a liberdade \u2013 declarou o presidente em cerim\u00f4nia de cumprimento aos militares promovidos a Oficiais-Generais.<\/p>\n\n\n\n<p>E continuou.<\/p>\n\n\n\n<p>\u2013 Se a p\u00e1tria um dia voltar a nos chamar, por ela tudo faremos, at\u00e9 mesmo sacrif\u00edcio da pr\u00f3pria vida \u2013 acrescentou.<\/p>\n\n\n\n<p>N\u00e3o foi a primeira vez que Bolsonaro disse ter o povo ao lado como um ex\u00e9rcito. Em ato pol\u00edtico do PL no final de mar\u00e7o, o presidente declarou que tomaria decis\u00f5es \u201ccontra quem quer que seja\u201d se tiver apoio de seu \u201cex\u00e9rcito\u201d de apoiadores na disputa que chamou de \u201cluta do bem contra o mal\u201d.<\/p>\n\n\n\n<p>A fala, desta vez, foi feita no Pal\u00e1cio do Planalto a uma plateia de militares, que foram chamados de \u201c\u00e2ncora do nosso Pa\u00eds\u201d pelo presidente.<\/p>\n\n\n\n<p>\u2013 Isso traz tranquilidade para o governo, para seus ministros, na certeza de que o trabalho dos senhores \u00e9 revertido para todos os 215 milh\u00f5es de habitantes \u2013 disse o presidente, que \u00e9 capit\u00e3o da reserva.<\/p>\n\n\n\n<p>Bolsonaro tamb\u00e9m declarou que as For\u00e7as Armadas est\u00e3o \u201csempre prontas\u201d e voltou a insinuar que seus advers\u00e1rios pol\u00edticos agem \u00e0 margem da lei.<\/p>\n\n\n\n<p>\u2013 Queremos \u00e9 que todos cumpram nossa Constitui\u00e7\u00e3o, que pode ter seus defeitos, mas \u00e9 nosso norte \u2013 afirmou o presidente.<\/p>\n\n\n\n<p>Bolsonaro ainda afirmou que o Minist\u00e9rio da Defesa \u2013 hoje nas m\u00e3os do general Paulo S\u00e9rgio, que foi comandante do Ex\u00e9rcito at\u00e9 semana passada \u2013 \u00e9 a pasta que, em \u00faltima an\u00e1lise, \u201cpode fazer o Pa\u00eds rumar em dire\u00e7\u00e3o \u00e0 normalidade, ao progresso e \u00e0 paz\u201d.<\/p>\n\n\n\n<p>\u2013 Tenho 23 ministros, todos s\u00e3o importantes, mas um se destaca: \u00e9 o da Defesa, porque tem as tropas em suas m\u00e3os (\u2026) Aqui \u00e9 mesclado de civis e militares \u2013 apontou.<\/p>\n\n\n\n<p>No mesmo discurso, Bolsonaro, em tom otimista, disse que os n\u00fameros da economia t\u00eam mostrado para onde nosso Pa\u00eds est\u00e1 indo e disse ver o Brasil \u201cconturbado por quest\u00f5es ideol\u00f3gicas\u201d.<\/p>\n\n\n\n<p>\u2013 O bem sempre venceu o mal, e vencer\u00e1 tamb\u00e9m a batalha que temos pela frente \u2013 pontuou, sobre as elei\u00e7\u00f5es.<\/p>\n\n\n\n<p>*AE<\/p>\n","protected":false},"excerpt":{"rendered":"<p>O presidente Jair Bolsonaro (PL) afirmou nesta ter\u00e7a-feira (5), que tem o povo brasileiro como o \u201cmaior ex\u00e9rcito do mundo\u201d para atingir seus objetivos e garantir a democracia e a liberdade no pa\u00eds. \u2013 Juntos, e ao lado do maior ex\u00e9rcito do mundo, nosso povo, atingiremos nossos objetivos e garantiremos a democracia e a liberdade [&hellip;]<\/p>\n","protected":false},"author":2,"featured_media":10933,"comment_status":"open","ping_status":"open","sticky":false,"template":"","format":"standard","meta":[],"categories":[4],"tags":[14],"_links":{"self":[{"href":"https:\/\/dgospel.com.br\/portal\/index.php\/wp-json\/wp\/v2\/posts\/10932"}],"collection":[{"href":"https:\/\/dgospel.com.br\/portal\/index.php\/wp-json\/wp\/v2\/posts"}],"about":[{"href":"https:\/\/dgospel.com.br\/portal\/index.php\/wp-json\/wp\/v2\/types\/post"}],"author":[{"embeddable":true,"href":"https:\/\/dgospel.com.br\/portal\/index.php\/wp-json\/wp\/v2\/users\/2"}],"replies":[{"embeddable":true,"href":"https:\/\/dgospel.com.br\/portal\/index.php\/wp-json\/wp\/v2\/comments?post=10932"}],"version-history":[{"count":1,"href":"https:\/\/dgospel.com.br\/portal\/index.php\/wp-json\/wp\/v2\/posts\/10932\/revisions"}],"predecessor-version":[{"id":10934,"href":"https:\/\/dgospel.com.br\/portal\/index.php\/wp-json\/wp\/v2\/posts\/10932\/revisions\/10934"}],"wp:featuredmedia":[{"embeddable":true,"href":"https:\/\/dgospel.com.br\/portal\/index.php\/wp-json\/wp\/v2\/media\/10933"}],"wp:attachment":[{"href":"https:\/\/dgospel.com.br\/portal\/index.php\/wp-json\/wp\/v2\/media?parent=10932"}],"wp:term":[{"taxonomy":"category","embeddable":true,"href":"https:\/\/dgospel.com.br\/portal\/index.php\/wp-json\/wp\/v2\/categories?post=10932"},{"taxonomy":"post_tag","embeddable":true,"href":"https:\/\/dgospel.com.br\/portal\/index.php\/wp-json\/wp\/v2\/tags?post=10932"}],"curies":[{"name":"wp","href":"https:\/\/api.w.org\/{rel}","templated":true}]}}