{"id":10935,"date":"2022-04-05T22:24:34","date_gmt":"2022-04-06T01:24:34","guid":{"rendered":"http:\/\/dgospel.com.br\/portal\/?p=10935"},"modified":"2022-04-05T22:24:35","modified_gmt":"2022-04-06T01:24:35","slug":"desgaste-de-sergio-moro-pode-ser-irreversivel-diz-alvaro-dias","status":"publish","type":"post","link":"https:\/\/dgospel.com.br\/portal\/index.php\/2022\/04\/05\/desgaste-de-sergio-moro-pode-ser-irreversivel-diz-alvaro-dias\/","title":{"rendered":"Desgaste de Sergio Moro pode ser irrevers\u00edvel, diz Alvaro Dias"},"content":{"rendered":"\n<p>Nesta ter\u00e7a-feira (5), o senador Alvaro Dias (Podemos-PR) deu uma entrevista ao portal Uol e falou sobre a sa\u00edda do ex-juiz Sergio Moro de seu partido. De acordo com o parlamentar, as manobras adotadas por Moro podem gerar um \u201cdesgaste irrevers\u00edvel\u201d.<\/p>\n\n\n\n<p>Moro deixou o Podemos na semana passada e no mesmo dia ingressou no Uni\u00e3o Brasil. Ele era pr\u00e9-candidato \u00e0 Presid\u00eancia da Rep\u00fablica, mas agora deve disputar uma vaga no Legislativo. Na ocasi\u00e3o, o Podemos disse que s\u00f3 ficou sabendo da sa\u00edda do ex-ministro por meio da imprensa.<\/p>\n\n\n\n<p>Alvaro Dias voltou ao tema nesta ter\u00e7a e mencionou que Moro talvez tenha uma \u201cinaptid\u00e3o\u201d na \u201catividade pol\u00edtica\u201d.<\/p>\n\n\n\n<p>\u2013 Talvez esse desgaste revele a inaptid\u00e3o dele [Moro] na atividade pol\u00edtica. \u00c9 um desgaste irrevers\u00edvel, talvez. N\u00f3s n\u00e3o podemos deixar de reconhecer que as manobras efetuadas n\u00e3o tiveram a afinidade que a pol\u00edtica exige \u2013 apontou.<\/p>\n\n\n\n<p>Ele tamb\u00e9m disse que Moro sempre manifestou desejo de ir para um partido maior.<\/p>\n\n\n\n<p>\u2013 Eu entendi que a busca de uma estrutura maior tinha por objetivo dar competitividade \u00e0 sua candidatura. Ele imaginava que no Podemos n\u00e3o teria condi\u00e7\u00f5es de ser indicado como candidato no centro democr\u00e1tico. Eu o alertei: \u201cOlha, a\u00ed h\u00e1 um equ\u00edvoco. No Uni\u00e3o Brasil h\u00e1 forte rejei\u00e7\u00e3o\u201d. Agora comprovadamente ele n\u00e3o \u00e9 mais candidato. Portanto, sepultou o sonho de ser presidente da Rep\u00fablica \u2013 destacou.<\/p>\n","protected":false},"excerpt":{"rendered":"<p>Nesta ter\u00e7a-feira (5), o senador Alvaro Dias (Podemos-PR) deu uma entrevista ao portal Uol e falou sobre a sa\u00edda do ex-juiz Sergio Moro de seu partido. De acordo com o parlamentar, as manobras adotadas por Moro podem gerar um \u201cdesgaste irrevers\u00edvel\u201d. Moro deixou o Podemos na semana passada e no mesmo dia ingressou no Uni\u00e3o [&hellip;]<\/p>\n","protected":false},"author":2,"featured_media":10936,"comment_status":"open","ping_status":"open","sticky":false,"template":"","format":"standard","meta":[],"categories":[4],"tags":[14],"_links":{"self":[{"href":"https:\/\/dgospel.com.br\/portal\/index.php\/wp-json\/wp\/v2\/posts\/10935"}],"collection":[{"href":"https:\/\/dgospel.com.br\/portal\/index.php\/wp-json\/wp\/v2\/posts"}],"about":[{"href":"https:\/\/dgospel.com.br\/portal\/index.php\/wp-json\/wp\/v2\/types\/post"}],"author":[{"embeddable":true,"href":"https:\/\/dgospel.com.br\/portal\/index.php\/wp-json\/wp\/v2\/users\/2"}],"replies":[{"embeddable":true,"href":"https:\/\/dgospel.com.br\/portal\/index.php\/wp-json\/wp\/v2\/comments?post=10935"}],"version-history":[{"count":1,"href":"https:\/\/dgospel.com.br\/portal\/index.php\/wp-json\/wp\/v2\/posts\/10935\/revisions"}],"predecessor-version":[{"id":10937,"href":"https:\/\/dgospel.com.br\/portal\/index.php\/wp-json\/wp\/v2\/posts\/10935\/revisions\/10937"}],"wp:featuredmedia":[{"embeddable":true,"href":"https:\/\/dgospel.com.br\/portal\/index.php\/wp-json\/wp\/v2\/media\/10936"}],"wp:attachment":[{"href":"https:\/\/dgospel.com.br\/portal\/index.php\/wp-json\/wp\/v2\/media?parent=10935"}],"wp:term":[{"taxonomy":"category","embeddable":true,"href":"https:\/\/dgospel.com.br\/portal\/index.php\/wp-json\/wp\/v2\/categories?post=10935"},{"taxonomy":"post_tag","embeddable":true,"href":"https:\/\/dgospel.com.br\/portal\/index.php\/wp-json\/wp\/v2\/tags?post=10935"}],"curies":[{"name":"wp","href":"https:\/\/api.w.org\/{rel}","templated":true}]}}