{"id":10938,"date":"2022-04-05T22:33:18","date_gmt":"2022-04-06T01:33:18","guid":{"rendered":"http:\/\/dgospel.com.br\/portal\/?p=10938"},"modified":"2022-04-05T22:33:19","modified_gmt":"2022-04-06T01:33:19","slug":"lula-todo-mundo-deveria-ter-direito-ao-aborto-nao-vergonha","status":"publish","type":"post","link":"https:\/\/dgospel.com.br\/portal\/index.php\/2022\/04\/05\/lula-todo-mundo-deveria-ter-direito-ao-aborto-nao-vergonha\/","title":{"rendered":"Lula: \u201cTodo mundo deveria ter direito ao aborto, n\u00e3o vergonha\u201d"},"content":{"rendered":"\n<p>Nesta ter\u00e7a-feira (5), o ex-presidente Luiz In\u00e1cio Lula da Silva abordou a quest\u00e3o do aborto no Brasil ao participar de um evento promovido pela Funda\u00e7\u00e3o Perseu Abramo (FPA) e pela Funda\u00e7\u00e3o Friedrich Ebert (FES). Para ele, o tema deveria ser tratado como \u201csa\u00fade p\u00fablica\u201d, para que todo mundo pudesse \u201cter direito, e n\u00e3o vergonha\u201d.<\/p>\n\n\n\n<p>A declara\u00e7\u00e3o foi dada durante o debate Brasil-Alemanha \u2013 Uni\u00e3o Europeia: Desafios progressistas \u2013 parcerias estrat\u00e9gicas. Lula afirmou que mulheres ricas podem realizar o aborto em outros pa\u00edses onde o procedimento \u00e9 liberado, enquanto mulheres pobres acabam morrendo tentando abortar.<\/p>\n\n\n\n<p>\u2013 Mulheres pobres morrem tentando fazer aborto, porque o aborto \u00e9 proibido, \u00e9 ilegal (\u2026) Quando que a madame pode ir fazer um aborto em Paris, escolher ir pra Berlim. Aqui no Brasil ela n\u00e3o faz porque \u00e9 proibido, quando na verdade, deveria ser transformado em uma quest\u00e3o de sa\u00fade p\u00fablica e todo mundo ter direito, e n\u00e3o vergonha. N\u00e3o quero ter um filho, vou cuidar de n\u00e3o ter meu filho. O que n\u00e3o d\u00e1 \u00e9 a lei exigir que ela tenha, mas essa lei n\u00e3o exige cuidar \u2013 apontou.<\/p>\n\n\n\n<p>O ex-presidente j\u00e1 havia abordado o tema no ano passado,&nbsp;<a href=\"https:\/\/pleno.news\/brasil\/politica-nacional\/lula-aborto-e-questao-de-saude-publica-e-direito-da-mulher.html\">durante uma conversa com o rapper Mano Brown<\/a>. Na ocasi\u00e3o, ele disse ser contra o aborto, mas que o procedimento \u00e9 um \u201cdireito da mulher\u201d e que deveria ser tratado como quest\u00e3o de sa\u00fade p\u00fablica.<\/p>\n\n\n\n<p>No evento desta quinta-feira, Lula falou sobre a pauta da \u201cfam\u00edlia\u201d e dos \u201cvalores\u201d e disse que ela \u00e9 \u201cmuito atrasada\u201d. O petista ainda aproveitou para alfinetar o presidente Jair Bolsonaro, mas n\u00e3o citou seu nome.<\/p>\n\n\n\n<p>\u2013 Essa pauta da fam\u00edlia, dos valores \u00e9 muito atrasada. E ela \u00e9 utilizada por um homem que n\u00e3o tem moral para fazer isso (\u2026). \u00c9 esse cidad\u00e3o que tenta pregar valores para um grupo brasileiro que acredita. E eu acho que n\u00f3s que temos que assumir essa discuss\u00e3o tentando fazer a sociedade evoluir, e n\u00e3o compartilhando do retrocesso que a gente tem nessa discuss\u00e3o \u2013 ressaltou.<\/p>\n\n\n\n<figure class=\"wp-block-embed-youtube wp-block-embed is-type-video is-provider-youtube wp-embed-aspect-16-9 wp-has-aspect-ratio\"><div class=\"wp-block-embed__wrapper\">\n<iframe loading=\"lazy\" title=\"AO VIVO  Lula no Debate Brasil, Alemanha e Uni\u00e3o Europeia: desafios progressistas\" width=\"630\" height=\"354\" src=\"https:\/\/www.youtube.com\/embed\/nYUqmsDZLyM?start=7143&#038;feature=oembed\" frameborder=\"0\" allow=\"accelerometer; autoplay; clipboard-write; encrypted-media; gyroscope; picture-in-picture\" allowfullscreen><\/iframe>\n<\/div><\/figure>\n","protected":false},"excerpt":{"rendered":"<p>Nesta ter\u00e7a-feira (5), o ex-presidente Luiz In\u00e1cio Lula da Silva abordou a quest\u00e3o do aborto no Brasil ao participar de um evento promovido pela Funda\u00e7\u00e3o Perseu Abramo (FPA) e pela Funda\u00e7\u00e3o Friedrich Ebert (FES). Para ele, o tema deveria ser tratado como \u201csa\u00fade p\u00fablica\u201d, para que todo mundo pudesse \u201cter direito, e n\u00e3o vergonha\u201d. A [&hellip;]<\/p>\n","protected":false},"author":2,"featured_media":10939,"comment_status":"open","ping_status":"open","sticky":false,"template":"","format":"standard","meta":[],"categories":[4],"tags":[14],"_links":{"self":[{"href":"https:\/\/dgospel.com.br\/portal\/index.php\/wp-json\/wp\/v2\/posts\/10938"}],"collection":[{"href":"https:\/\/dgospel.com.br\/portal\/index.php\/wp-json\/wp\/v2\/posts"}],"about":[{"href":"https:\/\/dgospel.com.br\/portal\/index.php\/wp-json\/wp\/v2\/types\/post"}],"author":[{"embeddable":true,"href":"https:\/\/dgospel.com.br\/portal\/index.php\/wp-json\/wp\/v2\/users\/2"}],"replies":[{"embeddable":true,"href":"https:\/\/dgospel.com.br\/portal\/index.php\/wp-json\/wp\/v2\/comments?post=10938"}],"version-history":[{"count":1,"href":"https:\/\/dgospel.com.br\/portal\/index.php\/wp-json\/wp\/v2\/posts\/10938\/revisions"}],"predecessor-version":[{"id":10940,"href":"https:\/\/dgospel.com.br\/portal\/index.php\/wp-json\/wp\/v2\/posts\/10938\/revisions\/10940"}],"wp:featuredmedia":[{"embeddable":true,"href":"https:\/\/dgospel.com.br\/portal\/index.php\/wp-json\/wp\/v2\/media\/10939"}],"wp:attachment":[{"href":"https:\/\/dgospel.com.br\/portal\/index.php\/wp-json\/wp\/v2\/media?parent=10938"}],"wp:term":[{"taxonomy":"category","embeddable":true,"href":"https:\/\/dgospel.com.br\/portal\/index.php\/wp-json\/wp\/v2\/categories?post=10938"},{"taxonomy":"post_tag","embeddable":true,"href":"https:\/\/dgospel.com.br\/portal\/index.php\/wp-json\/wp\/v2\/tags?post=10938"}],"curies":[{"name":"wp","href":"https:\/\/api.w.org\/{rel}","templated":true}]}}