{"id":10941,"date":"2022-04-05T22:44:53","date_gmt":"2022-04-06T01:44:53","guid":{"rendered":"http:\/\/dgospel.com.br\/portal\/?p=10941"},"modified":"2022-04-05T22:44:53","modified_gmt":"2022-04-06T01:44:53","slug":"se-a-patria-um-dia-voltar-a-nos-chamar-por-ela-tudo-faremos","status":"publish","type":"post","link":"https:\/\/dgospel.com.br\/portal\/index.php\/2022\/04\/05\/se-a-patria-um-dia-voltar-a-nos-chamar-por-ela-tudo-faremos\/","title":{"rendered":"\u201cSe a p\u00e1tria um dia voltar a nos chamar, por ela tudo faremos\u201d"},"content":{"rendered":"\n<p>Nesta ter\u00e7a-feira (5), o presidente Jair Bolsonaro disse que \u201cem \u00faltima an\u00e1lise\u201d as For\u00e7as Armadas poder\u00e3o fazer o pa\u00eds \u201crumar em dire\u00e7\u00e3o \u00e0 normalidade, ao progresso e \u00e0 paz\u201d. Ele deu declara\u00e7\u00f5es durante uma cerim\u00f4nia de cumprimento a oficiais-generais promovidos, no Pal\u00e1cio do Planalto. As informa\u00e7\u00f5es s\u00e3o do jornal O Globo.<\/p>\n\n\n\n<p>O chefe do Executivo falou ainda que, dos 23 ministros que fazem parte do governo, Paulo S\u00e9rgio Nogueira (Defesa), \u00e9 o que \u201cmais se destaca\u201d por ter \u201ca tropa em suas m\u00e3os\u201d.<\/p>\n\n\n\n<p>\u2014 Tenho 23 ministros. Todos s\u00e3o importantes, mas um se destaca. \u00c9 o da Defesa. Porque tem a tropa em suas m\u00e3os. \u00c9 o que, em \u00faltima an\u00e1lise, poder\u00e1 fazer o pa\u00eds rumar em dire\u00e7\u00e3o \u00e0 normalidade, ao progresso e \u00e0 paz \u2014 afirmou Bolsonaro.<\/p>\n\n\n\n<p>Ele ressaltou que se a p\u00e1tria voltar a chamar os militares, as For\u00e7as Armadas far\u00e3o \u201ctudo\u201d, \u201cat\u00e9 mesmo em sacrif\u00edcio da pr\u00f3pria vida\u201d. Segundo ele, os militares sempre agiram \u201cao lado da legalidade\u201d.<\/p>\n\n\n\n<p>\u2014 Deveres, garantias e responsabilidades, n\u00f3s sempre estivemos ao lado da legalidade. E tenha certeza: Se a p\u00e1tria um dia voltar a nos chamar, por ela tudo faremos, at\u00e9 mesmo em sacrif\u00edcio da pr\u00f3pria vida \u2014 destacou.<\/p>\n","protected":false},"excerpt":{"rendered":"<p>Nesta ter\u00e7a-feira (5), o presidente Jair Bolsonaro disse que \u201cem \u00faltima an\u00e1lise\u201d as For\u00e7as Armadas poder\u00e3o fazer o pa\u00eds \u201crumar em dire\u00e7\u00e3o \u00e0 normalidade, ao progresso e \u00e0 paz\u201d. Ele deu declara\u00e7\u00f5es durante uma cerim\u00f4nia de cumprimento a oficiais-generais promovidos, no Pal\u00e1cio do Planalto. As informa\u00e7\u00f5es s\u00e3o do jornal O Globo. O chefe do Executivo [&hellip;]<\/p>\n","protected":false},"author":2,"featured_media":10942,"comment_status":"open","ping_status":"open","sticky":false,"template":"","format":"standard","meta":[],"categories":[4],"tags":[14],"_links":{"self":[{"href":"https:\/\/dgospel.com.br\/portal\/index.php\/wp-json\/wp\/v2\/posts\/10941"}],"collection":[{"href":"https:\/\/dgospel.com.br\/portal\/index.php\/wp-json\/wp\/v2\/posts"}],"about":[{"href":"https:\/\/dgospel.com.br\/portal\/index.php\/wp-json\/wp\/v2\/types\/post"}],"author":[{"embeddable":true,"href":"https:\/\/dgospel.com.br\/portal\/index.php\/wp-json\/wp\/v2\/users\/2"}],"replies":[{"embeddable":true,"href":"https:\/\/dgospel.com.br\/portal\/index.php\/wp-json\/wp\/v2\/comments?post=10941"}],"version-history":[{"count":1,"href":"https:\/\/dgospel.com.br\/portal\/index.php\/wp-json\/wp\/v2\/posts\/10941\/revisions"}],"predecessor-version":[{"id":10943,"href":"https:\/\/dgospel.com.br\/portal\/index.php\/wp-json\/wp\/v2\/posts\/10941\/revisions\/10943"}],"wp:featuredmedia":[{"embeddable":true,"href":"https:\/\/dgospel.com.br\/portal\/index.php\/wp-json\/wp\/v2\/media\/10942"}],"wp:attachment":[{"href":"https:\/\/dgospel.com.br\/portal\/index.php\/wp-json\/wp\/v2\/media?parent=10941"}],"wp:term":[{"taxonomy":"category","embeddable":true,"href":"https:\/\/dgospel.com.br\/portal\/index.php\/wp-json\/wp\/v2\/categories?post=10941"},{"taxonomy":"post_tag","embeddable":true,"href":"https:\/\/dgospel.com.br\/portal\/index.php\/wp-json\/wp\/v2\/tags?post=10941"}],"curies":[{"name":"wp","href":"https:\/\/api.w.org\/{rel}","templated":true}]}}