{"id":10944,"date":"2022-04-05T22:52:59","date_gmt":"2022-04-06T01:52:59","guid":{"rendered":"http:\/\/dgospel.com.br\/portal\/?p=10944"},"modified":"2022-04-05T22:53:00","modified_gmt":"2022-04-06T01:53:00","slug":"pge-tera-camara-de-prevencao-e-resolucao-administrativa-de-conflitos","status":"publish","type":"post","link":"https:\/\/dgospel.com.br\/portal\/index.php\/2022\/04\/05\/pge-tera-camara-de-prevencao-e-resolucao-administrativa-de-conflitos\/","title":{"rendered":"PGE ter\u00e1 C\u00e2mara de Preven\u00e7\u00e3o e Resolu\u00e7\u00e3o Administrativa de Conflitos"},"content":{"rendered":"\n<p>O Governo do Tocantins criou, por meio da Lei Complementar 137, de 1\u00ba de abril de 2022, a Subprocuradoria da C\u00e2mara de Preven\u00e7\u00e3o e Resolu\u00e7\u00e3o Administrativa de Conflitos no \u00e2mbito da Procuradoria Geral do Estado do Tocantins (PGE\/TO). Esse tipo de unidade especializada \u00e9 comum em \u00f3rg\u00e3os similares em outros estados e tamb\u00e9m na Advocacia Geral da Uni\u00e3o. A cria\u00e7\u00e3o cumpre o que est\u00e1 disposto no artigo 32 da Lei 13.140\/2015 e no artigo 175 do C\u00f3digo de Processo Civil (CPC).<\/p>\n\n\n\n<p>Segundo o procurador-geral Kl\u00e9dson de Moura, a unidade especializada traz para o \u00e2mbito da atua\u00e7\u00e3o da PGE, a expectativa de atuar na solu\u00e7\u00e3o consensual e extrajudicial de controv\u00e9rsias, buscando redu\u00e7\u00e3o da judicializa\u00e7\u00e3o, recupera\u00e7\u00e3o de cr\u00e9ditos e pagamento de d\u00e9bitos com economicidade, al\u00e9m de permitir atua\u00e7\u00e3o processual mais \u00e1gil de toda a equipe&nbsp;da Institui\u00e7\u00e3o.<\/p>\n\n\n\n<p>A&nbsp;Lei Complementar que alterou o funcionamento da PGE\/TO e criou a nova unidade especializada j\u00e1 foi publicada no Di\u00e1rio Oficial do Estado, mas ainda ser\u00e1 regulamentada pelo Conselho de Procuradores do Estado, com data de instala\u00e7\u00e3o a ser definida. A Subprocuradoria da C\u00e2mara de Preven\u00e7\u00e3o e Resolu\u00e7\u00e3o Administrativa de Conflitos ter\u00e1 pessoal remanejado da atual estrutura, bem como usar\u00e1 materiais e infraestrutura j\u00e1 existentes na Procuradoria.&nbsp;<\/p>\n","protected":false},"excerpt":{"rendered":"<p>O Governo do Tocantins criou, por meio da Lei Complementar 137, de 1\u00ba de abril de 2022, a Subprocuradoria da C\u00e2mara de Preven\u00e7\u00e3o e Resolu\u00e7\u00e3o Administrativa de Conflitos no \u00e2mbito da Procuradoria Geral do Estado do Tocantins (PGE\/TO). Esse tipo de unidade especializada \u00e9 comum em \u00f3rg\u00e3os similares em outros estados e tamb\u00e9m na Advocacia [&hellip;]<\/p>\n","protected":false},"author":2,"featured_media":10945,"comment_status":"open","ping_status":"open","sticky":false,"template":"","format":"standard","meta":[],"categories":[3],"tags":[13],"_links":{"self":[{"href":"https:\/\/dgospel.com.br\/portal\/index.php\/wp-json\/wp\/v2\/posts\/10944"}],"collection":[{"href":"https:\/\/dgospel.com.br\/portal\/index.php\/wp-json\/wp\/v2\/posts"}],"about":[{"href":"https:\/\/dgospel.com.br\/portal\/index.php\/wp-json\/wp\/v2\/types\/post"}],"author":[{"embeddable":true,"href":"https:\/\/dgospel.com.br\/portal\/index.php\/wp-json\/wp\/v2\/users\/2"}],"replies":[{"embeddable":true,"href":"https:\/\/dgospel.com.br\/portal\/index.php\/wp-json\/wp\/v2\/comments?post=10944"}],"version-history":[{"count":1,"href":"https:\/\/dgospel.com.br\/portal\/index.php\/wp-json\/wp\/v2\/posts\/10944\/revisions"}],"predecessor-version":[{"id":10946,"href":"https:\/\/dgospel.com.br\/portal\/index.php\/wp-json\/wp\/v2\/posts\/10944\/revisions\/10946"}],"wp:featuredmedia":[{"embeddable":true,"href":"https:\/\/dgospel.com.br\/portal\/index.php\/wp-json\/wp\/v2\/media\/10945"}],"wp:attachment":[{"href":"https:\/\/dgospel.com.br\/portal\/index.php\/wp-json\/wp\/v2\/media?parent=10944"}],"wp:term":[{"taxonomy":"category","embeddable":true,"href":"https:\/\/dgospel.com.br\/portal\/index.php\/wp-json\/wp\/v2\/categories?post=10944"},{"taxonomy":"post_tag","embeddable":true,"href":"https:\/\/dgospel.com.br\/portal\/index.php\/wp-json\/wp\/v2\/tags?post=10944"}],"curies":[{"name":"wp","href":"https:\/\/api.w.org\/{rel}","templated":true}]}}