{"id":1095,"date":"2018-08-23T16:13:09","date_gmt":"2018-08-23T19:13:09","guid":{"rendered":"http:\/\/dgospel.com.br\/portal\/?p=1095"},"modified":"2018-08-23T16:13:09","modified_gmt":"2018-08-23T19:13:09","slug":"membros-da-cpi-do-previpalmas-realizam-primeira-reuniao-e-elaboram-plano-de-trabalho","status":"publish","type":"post","link":"https:\/\/dgospel.com.br\/portal\/index.php\/2018\/08\/23\/membros-da-cpi-do-previpalmas-realizam-primeira-reuniao-e-elaboram-plano-de-trabalho\/","title":{"rendered":"Membros da CPI do PreviPalmas realizam primeira reuni\u00e3o e elaboram plano de trabalho"},"content":{"rendered":"<p class=\"yiv1435350156MsoNormal\">Na manh\u00e3 desta quinta-feira, 23, os vereadores que comp\u00f5em a Comiss\u00e3o Parlamentar de Inqu\u00e9rito (CPI) reuniram-se pela primeira vez para dar andamento aos trabalhos de investiga\u00e7\u00e3o sobre as aplica\u00e7\u00f5es do Instituto Previdenci\u00e1rio de Palmas (PreviPalmas). Comp\u00f5e a Comiss\u00e3o, o vereador professor J\u00fanior Geo (PROS), como presidente da CPI; Vandim do Povo (PSDC), como vice-presidente; o vereador Marilon Barbosa (PSL), como relator, e os membros L\u00e9o Barbosa (SD) e Gerson Alves (PSL).<\/p>\n<p class=\"yiv1435350156MsoNormal\">Na ocasi\u00e3o, os vereadores determinaram um cronograma de trabalho e estabeleceram o dia das reuni\u00f5es ordin\u00e1rias, que ser\u00e3o realizadas \u00e0s ter\u00e7as-feiras. Logo ap\u00f3s, definiram uma equipe t\u00e9cnica para auxiliar nos trabalhos de investiga\u00e7\u00e3o e estabeleceram quais \u00f3rg\u00e3os ser\u00e3o notificados para tratar sobre o assunto.<\/p>\n<p class=\"yiv1435350156MsoNormal\">\u201cA partir de agora vamos dar andamento aos trabalhos da CPI e averiguar as suspeitas de irregularidades de recursos que pertencem ao futuro dos servidores municipais. Estamos aqui para representar a sociedade, espero que possamos fazer isso da melhor forma poss\u00edvel\u201d, disse Geo.<\/p>\n","protected":false},"excerpt":{"rendered":"<p>Na manh\u00e3 desta quinta-feira, 23, os vereadores que comp\u00f5em a Comiss\u00e3o Parlamentar de Inqu\u00e9rito (CPI) reuniram-se pela primeira vez para dar andamento aos trabalhos de investiga\u00e7\u00e3o sobre as aplica\u00e7\u00f5es do Instituto Previdenci\u00e1rio de Palmas (PreviPalmas). Comp\u00f5e a Comiss\u00e3o, o vereador professor J\u00fanior Geo (PROS), como presidente da CPI; Vandim do Povo (PSDC), como vice-presidente; o [&hellip;]<\/p>\n","protected":false},"author":2,"featured_media":1096,"comment_status":"open","ping_status":"open","sticky":false,"template":"","format":"standard","meta":[],"categories":[8,12],"tags":[],"_links":{"self":[{"href":"https:\/\/dgospel.com.br\/portal\/index.php\/wp-json\/wp\/v2\/posts\/1095"}],"collection":[{"href":"https:\/\/dgospel.com.br\/portal\/index.php\/wp-json\/wp\/v2\/posts"}],"about":[{"href":"https:\/\/dgospel.com.br\/portal\/index.php\/wp-json\/wp\/v2\/types\/post"}],"author":[{"embeddable":true,"href":"https:\/\/dgospel.com.br\/portal\/index.php\/wp-json\/wp\/v2\/users\/2"}],"replies":[{"embeddable":true,"href":"https:\/\/dgospel.com.br\/portal\/index.php\/wp-json\/wp\/v2\/comments?post=1095"}],"version-history":[{"count":1,"href":"https:\/\/dgospel.com.br\/portal\/index.php\/wp-json\/wp\/v2\/posts\/1095\/revisions"}],"predecessor-version":[{"id":1097,"href":"https:\/\/dgospel.com.br\/portal\/index.php\/wp-json\/wp\/v2\/posts\/1095\/revisions\/1097"}],"wp:featuredmedia":[{"embeddable":true,"href":"https:\/\/dgospel.com.br\/portal\/index.php\/wp-json\/wp\/v2\/media\/1096"}],"wp:attachment":[{"href":"https:\/\/dgospel.com.br\/portal\/index.php\/wp-json\/wp\/v2\/media?parent=1095"}],"wp:term":[{"taxonomy":"category","embeddable":true,"href":"https:\/\/dgospel.com.br\/portal\/index.php\/wp-json\/wp\/v2\/categories?post=1095"},{"taxonomy":"post_tag","embeddable":true,"href":"https:\/\/dgospel.com.br\/portal\/index.php\/wp-json\/wp\/v2\/tags?post=1095"}],"curies":[{"name":"wp","href":"https:\/\/api.w.org\/{rel}","templated":true}]}}