{"id":10956,"date":"2022-04-05T23:09:14","date_gmt":"2022-04-06T02:09:14","guid":{"rendered":"http:\/\/dgospel.com.br\/portal\/?p=10956"},"modified":"2022-04-05T23:09:14","modified_gmt":"2022-04-06T02:09:14","slug":"policial-penal-e-preso-suspeito-integrar-quadrilha-que-praticava-roubos-na-regiao-sudeste-do-estado","status":"publish","type":"post","link":"https:\/\/dgospel.com.br\/portal\/index.php\/2022\/04\/05\/policial-penal-e-preso-suspeito-integrar-quadrilha-que-praticava-roubos-na-regiao-sudeste-do-estado\/","title":{"rendered":"Policial penal \u00e9 preso suspeito integrar quadrilha que praticava roubos na regi\u00e3o sudeste do estado"},"content":{"rendered":"\n<p> Tr\u00eas pessoas foram presas pela Pol\u00edcia Militar suspeitas de envolvimento com assaltos na regi\u00e3o sudeste do Tocantins. Um dos investigados \u00e9 um policial penal do estado. Com o grupo a PM encontrou objetos roubados, uma arma de fogo e muni\u00e7\u00f5es. <\/p>\n\n\n\n<figure class=\"wp-block-image\"><img src=\"https:\/\/s2.glbimg.com\/9cPObqnlPYV-RULLoVis9aS_9SY=\/0x0:1600x1200\/984x0\/smart\/filters:strip_icc()\/i.s3.glbimg.com\/v1\/AUTH_59edd422c0c84a879bd37670ae4f538a\/internal_photos\/bs\/2022\/K\/i\/U6izlNSFAUWE3XtdyADA\/img-20220404-wa0141jpg.jpg\" alt=\"Carro e objetos foram recuperados pela PM \u2014 Foto: PM\/Divulga\u00e7\u00e3o\"\/><\/figure>\n\n\n\n<p>Carro e objetos foram recuperados pela PM \u2014 Foto: PM\/Divulga\u00e7\u00e3o<\/p>\n\n\n\n<p>A Secretaria de Estado da Cidadania e Justi\u00e7a (Seciju), respons\u00e1vel pela Pol\u00edcia Penal, informou que reprova veemente quaisquer crimes cometidos por parte de seus servidores e que est\u00e1 colaborando com a investiga\u00e7\u00e3o. (<em>Veja a nota abaixo<\/em>)<\/p>\n\n\n\n<p>As pris\u00f5es foram feitas pela PM na tarde desta segunda-feira (4) ap\u00f3s um homem de 38 anos ser flagrado trafegando com um carro roubado na TO-040, entre Porto Alegre do Tocantins e Dian\u00f3polis. O ve\u00edculo teria sido levado em Luis Eduardo Magalh\u00e3es (BA) na \u00faltima sexta-feira (2).<\/p>\n\n\n\n\n\n<p>Conforme a PM, o motorista contou sobre sua parceria com outro individuo, que foi localizado e preso em Dian\u00f3polis com diversos produtos il\u00edcitos. Depois um terceiro envolvido foi detido por recepta\u00e7\u00e3o.<\/p>\n\n\n\n<p>Al\u00e9m do ve\u00edculo tamb\u00e9m foram apreendidos tr\u00eas celulares roubados, uma pistola e tr\u00eas carregadores com muni\u00e7\u00e3o. Os tr\u00eas homens e os bens foram apresentados na Delegacia Regional de Dian\u00f3polis.<\/p>\n\n\n\n<h2>O que diz a Seciju<\/h2>\n\n\n\n<p>A Secretaria de Estado da Cidadania e Justi\u00e7a (Seciju), por meio da Superintend\u00eancia de Administra\u00e7\u00e3o dos Sistemas Penitenci\u00e1rio e Prisional, informou que reprova veemente quaisquer crimes cometidos por parte de seus servidores e que est\u00e1 colaborando com as For\u00e7as de Seguran\u00e7a na investiga\u00e7\u00e3o sobre a suspeita de participa\u00e7\u00e3o de um policial penal do Tocantins em assaltos no sudeste do Estado.<\/p>\n\n\n\n<p>\u201cA Seciju ressalta ainda que, ap\u00f3s acesso a todas as informa\u00e7\u00f5es pertinentes ao caso, tomar\u00e1 as medidas legais cab\u00edveis\u201d, diz a nota.<\/p>\n\n\n\n<p>Fonte:  <strong>g1 Tocantins<\/strong> <\/p>\n","protected":false},"excerpt":{"rendered":"<p>Tr\u00eas pessoas foram presas pela Pol\u00edcia Militar suspeitas de envolvimento com assaltos na regi\u00e3o sudeste do Tocantins. Um dos investigados \u00e9 um policial penal do estado. Com o grupo a PM encontrou objetos roubados, uma arma de fogo e muni\u00e7\u00f5es. Carro e objetos foram recuperados pela PM \u2014 Foto: PM\/Divulga\u00e7\u00e3o A Secretaria de Estado da [&hellip;]<\/p>\n","protected":false},"author":2,"featured_media":10957,"comment_status":"open","ping_status":"open","sticky":false,"template":"","format":"standard","meta":[],"categories":[3],"tags":[],"_links":{"self":[{"href":"https:\/\/dgospel.com.br\/portal\/index.php\/wp-json\/wp\/v2\/posts\/10956"}],"collection":[{"href":"https:\/\/dgospel.com.br\/portal\/index.php\/wp-json\/wp\/v2\/posts"}],"about":[{"href":"https:\/\/dgospel.com.br\/portal\/index.php\/wp-json\/wp\/v2\/types\/post"}],"author":[{"embeddable":true,"href":"https:\/\/dgospel.com.br\/portal\/index.php\/wp-json\/wp\/v2\/users\/2"}],"replies":[{"embeddable":true,"href":"https:\/\/dgospel.com.br\/portal\/index.php\/wp-json\/wp\/v2\/comments?post=10956"}],"version-history":[{"count":1,"href":"https:\/\/dgospel.com.br\/portal\/index.php\/wp-json\/wp\/v2\/posts\/10956\/revisions"}],"predecessor-version":[{"id":10958,"href":"https:\/\/dgospel.com.br\/portal\/index.php\/wp-json\/wp\/v2\/posts\/10956\/revisions\/10958"}],"wp:featuredmedia":[{"embeddable":true,"href":"https:\/\/dgospel.com.br\/portal\/index.php\/wp-json\/wp\/v2\/media\/10957"}],"wp:attachment":[{"href":"https:\/\/dgospel.com.br\/portal\/index.php\/wp-json\/wp\/v2\/media?parent=10956"}],"wp:term":[{"taxonomy":"category","embeddable":true,"href":"https:\/\/dgospel.com.br\/portal\/index.php\/wp-json\/wp\/v2\/categories?post=10956"},{"taxonomy":"post_tag","embeddable":true,"href":"https:\/\/dgospel.com.br\/portal\/index.php\/wp-json\/wp\/v2\/tags?post=10956"}],"curies":[{"name":"wp","href":"https:\/\/api.w.org\/{rel}","templated":true}]}}