{"id":10962,"date":"2022-04-06T10:45:15","date_gmt":"2022-04-06T13:45:15","guid":{"rendered":"http:\/\/dgospel.com.br\/portal\/?p=10962"},"modified":"2022-04-06T10:45:16","modified_gmt":"2022-04-06T13:45:16","slug":"com-incentivo-de-eli-borges-instituto-cultural-promove-projeto-canto-em-cada-canto-em-porto-nacional","status":"publish","type":"post","link":"https:\/\/dgospel.com.br\/portal\/index.php\/2022\/04\/06\/com-incentivo-de-eli-borges-instituto-cultural-promove-projeto-canto-em-cada-canto-em-porto-nacional\/","title":{"rendered":"Com incentivo de Eli Borges, Instituto Cultural promove projeto Canto em cada Canto em Porto Nacional"},"content":{"rendered":"\n<p>Com recurso alocado pelo porta-voz da Bancada Evang\u00e9lica da\nC\u00e2mara dos Deputados, Eli Borges (PL-TO), por meio do Minist\u00e9rio da Mulher, da\nFam\u00edlia e dos Direitos Humanos, ser\u00e1 utilizado no projeto Canto em cada Canto,\nque acontecer\u00e1 entre os dias 8 e 9 de abril em Porto Nacional (TO). <\/p>\n\n\n\n<p>\u201cA cultura \u00e9 uma importante ferramenta de transforma\u00e7\u00e3o e\npor isso defendo que ela seja estimulada. Poder ver tocantinenses tendo esta\noportunidade alegra o meu cora\u00e7\u00e3o como um homem crist\u00e3o e de f\u00e9\u201d, refor\u00e7a o\nparlamentar. <\/p>\n\n\n\n<p>O objetivo do evento \u00e9 trabalhar com a capacita\u00e7\u00e3o, promo\u00e7\u00e3o\ne desenvolvimento cultural, com \u00eanfase na profissionaliza\u00e7\u00e3o e gera\u00e7\u00e3o de renda\npreferencialmente para mulheres e jovens em situa\u00e7\u00e3o de vulnerabilidade social.\n<\/p>\n\n\n\n<p>Ser\u00e3o oferecidas oficinas e interven\u00e7\u00f5es culturais\nassociadas ao segmento cultural e art\u00edstico da m\u00fasica gospel, no \u00e2mbito do\nestado de Tocantins. <\/p>\n\n\n\n<p>Os participantes tamb\u00e9m ser\u00e3o agraciados com a palestra \u201cTem\nPoder quem Age\u201d, que tem conte\u00fado voltado para a valoriza\u00e7\u00e3o do verdadeiro\npotencial interior de cada ser humano. <\/p>\n\n\n\n<p>A palestra \u201cTem Poder Quem Age\u201d ir\u00e1 direcionar os\nparticipantes a viverem a plenitude e abund\u00e2ncia que Cristo nos prometeu e que\npor escolhas ou algo que vivemos no passado a nossa identidade foi deturpada.<\/p>\n\n\n\n<p>&nbsp;Algumas perguntas que\nnos fazemos ser\u00e3o respondidas ao longo do evento, tais como: dificuldades\nfinanceiras, problemas no casamento ou com filhos, compuls\u00e3o alimentar,\nfrustra\u00e7\u00e3o profissional entre outros. Chegou a hora de mudar e viver aquilo que\nDeus tem para os seus filhos\u201d, destaca Ana Cavalcante, que ir\u00e1 ministrar a\npalestra no evento na sexta-feira (8).<\/p>\n\n\n\n<p>No dia 9 de mar\u00e7o, o projeto \u2018Canto em Cada Canto\u201d contar\u00e1\ncom a presen\u00e7a da cantora gospel Rebeca Carvalho que ministrar oficina de\nm\u00fasica. Na programa\u00e7\u00e3o est\u00e3o previstas outras apresenta\u00e7\u00f5es musicais. O evento\nser\u00e1 realizado no Centro de Conven\u00e7\u00f5es Vicent\u00e3o.<\/p>\n","protected":false},"excerpt":{"rendered":"<p>Com recurso alocado pelo porta-voz da Bancada Evang\u00e9lica da C\u00e2mara dos Deputados, Eli Borges (PL-TO), por meio do Minist\u00e9rio da Mulher, da Fam\u00edlia e dos Direitos Humanos, ser\u00e1 utilizado no projeto Canto em cada Canto, que acontecer\u00e1 entre os dias 8 e 9 de abril em Porto Nacional (TO). \u201cA cultura \u00e9 uma importante ferramenta [&hellip;]<\/p>\n","protected":false},"author":2,"featured_media":10963,"comment_status":"open","ping_status":"open","sticky":false,"template":"","format":"standard","meta":[],"categories":[8],"tags":[],"_links":{"self":[{"href":"https:\/\/dgospel.com.br\/portal\/index.php\/wp-json\/wp\/v2\/posts\/10962"}],"collection":[{"href":"https:\/\/dgospel.com.br\/portal\/index.php\/wp-json\/wp\/v2\/posts"}],"about":[{"href":"https:\/\/dgospel.com.br\/portal\/index.php\/wp-json\/wp\/v2\/types\/post"}],"author":[{"embeddable":true,"href":"https:\/\/dgospel.com.br\/portal\/index.php\/wp-json\/wp\/v2\/users\/2"}],"replies":[{"embeddable":true,"href":"https:\/\/dgospel.com.br\/portal\/index.php\/wp-json\/wp\/v2\/comments?post=10962"}],"version-history":[{"count":1,"href":"https:\/\/dgospel.com.br\/portal\/index.php\/wp-json\/wp\/v2\/posts\/10962\/revisions"}],"predecessor-version":[{"id":10964,"href":"https:\/\/dgospel.com.br\/portal\/index.php\/wp-json\/wp\/v2\/posts\/10962\/revisions\/10964"}],"wp:featuredmedia":[{"embeddable":true,"href":"https:\/\/dgospel.com.br\/portal\/index.php\/wp-json\/wp\/v2\/media\/10963"}],"wp:attachment":[{"href":"https:\/\/dgospel.com.br\/portal\/index.php\/wp-json\/wp\/v2\/media?parent=10962"}],"wp:term":[{"taxonomy":"category","embeddable":true,"href":"https:\/\/dgospel.com.br\/portal\/index.php\/wp-json\/wp\/v2\/categories?post=10962"},{"taxonomy":"post_tag","embeddable":true,"href":"https:\/\/dgospel.com.br\/portal\/index.php\/wp-json\/wp\/v2\/tags?post=10962"}],"curies":[{"name":"wp","href":"https:\/\/api.w.org\/{rel}","templated":true}]}}