{"id":10965,"date":"2022-04-06T12:03:35","date_gmt":"2022-04-06T15:03:35","guid":{"rendered":"http:\/\/dgospel.com.br\/portal\/?p=10965"},"modified":"2022-04-06T12:03:35","modified_gmt":"2022-04-06T15:03:35","slug":"andre-mendonca-toma-posse-como-ministro-substituto-do-tse","status":"publish","type":"post","link":"https:\/\/dgospel.com.br\/portal\/index.php\/2022\/04\/06\/andre-mendonca-toma-posse-como-ministro-substituto-do-tse\/","title":{"rendered":"Andr\u00e9 Mendon\u00e7a toma posse como ministro substituto do TSE"},"content":{"rendered":"\n<p> O ministro\u00a0<a rel=\"noreferrer noopener\" href=\"http:\/\/pleno.news\/tag\/andre-mendonca\" target=\"_blank\">Andr\u00e9 Mendon\u00e7a<\/a>, do Supremo Tribunal Federal (STF), tomou posse nesta ter\u00e7a-feira (5) como membro substituto do Tribunal Superior Eleitoral (<a rel=\"noreferrer noopener\" href=\"http:\/\/pleno.news\/tag\/tse\" target=\"_blank\">TSE<\/a>). Mendon\u00e7a assume uma das vagas destinadas a membros do STF que foi aberta com a posse do ministro Ricardo Lewandowski como integrante titular da Corte Eleitoral. <\/p>\n\n\n\n<p> Durante a posse, o presidente do TSE, ministro Edson Fachin, ressaltou o hist\u00f3rico do novo ministro na vida p\u00fablica. Fachin tamb\u00e9m destacou que a chegada de Mendon\u00e7a na Corte Eleitoral \u201ctraz a certeza\u201d de que o TSE poder\u00e1 contar com a expertise e dedica\u00e7\u00e3o do ministro. <\/p>\n\n\n\n<p>\u2013 A chegada a esta Corte Superior Eleitoral nos traz a certeza de poder contar com sua expertise e dedica\u00e7\u00e3o \u00e0&nbsp;<em>res publica<\/em>&nbsp;[coisa p\u00fablica], agora sob o prisma do zelo incans\u00e1vel da higidez do processo eleitoral, tanto em rela\u00e7\u00e3o aos seus participantes, quanto na defesa da integridade da Justi\u00e7a Eleitoral na condu\u00e7\u00e3o dos afazeres constitucionais \u2013 disse Fachin.<\/p>\n\n\n\n<p>O TSE \u00e9 composto por, no m\u00ednimo, sete ministros efetivos: tr\u00eas s\u00e3o origin\u00e1rios do Supremo Tribunal Federal, dois do Superior Tribunal de Justi\u00e7a (STJ) e dois s\u00e3o juristas \u2013 advogados com not\u00e1vel saber jur\u00eddico e idoneidade. H\u00e1, ainda, igual n\u00famero de ministros substitutos nas respectivas categorias.<\/p>\n\n\n\n<p>Atualmente, comp\u00f5em o TSE nas vagas destinadas ao STF os ministros Edson Fachin (presidente), Alexandre de Moraes (vice-presidente) e Ricardo Lewandowski, nos cargos de ministros efetivos. C\u00e1rmen L\u00facia, Nunes Marques e Andr\u00e9 Mendon\u00e7a ocupam as vagas de ministros substitutos.<\/p>\n","protected":false},"excerpt":{"rendered":"<p>O ministro\u00a0Andr\u00e9 Mendon\u00e7a, do Supremo Tribunal Federal (STF), tomou posse nesta ter\u00e7a-feira (5) como membro substituto do Tribunal Superior Eleitoral (TSE). Mendon\u00e7a assume uma das vagas destinadas a membros do STF que foi aberta com a posse do ministro Ricardo Lewandowski como integrante titular da Corte Eleitoral. Durante a posse, o presidente do TSE, ministro [&hellip;]<\/p>\n","protected":false},"author":2,"featured_media":10966,"comment_status":"open","ping_status":"open","sticky":false,"template":"","format":"standard","meta":[],"categories":[4],"tags":[14],"_links":{"self":[{"href":"https:\/\/dgospel.com.br\/portal\/index.php\/wp-json\/wp\/v2\/posts\/10965"}],"collection":[{"href":"https:\/\/dgospel.com.br\/portal\/index.php\/wp-json\/wp\/v2\/posts"}],"about":[{"href":"https:\/\/dgospel.com.br\/portal\/index.php\/wp-json\/wp\/v2\/types\/post"}],"author":[{"embeddable":true,"href":"https:\/\/dgospel.com.br\/portal\/index.php\/wp-json\/wp\/v2\/users\/2"}],"replies":[{"embeddable":true,"href":"https:\/\/dgospel.com.br\/portal\/index.php\/wp-json\/wp\/v2\/comments?post=10965"}],"version-history":[{"count":1,"href":"https:\/\/dgospel.com.br\/portal\/index.php\/wp-json\/wp\/v2\/posts\/10965\/revisions"}],"predecessor-version":[{"id":10967,"href":"https:\/\/dgospel.com.br\/portal\/index.php\/wp-json\/wp\/v2\/posts\/10965\/revisions\/10967"}],"wp:featuredmedia":[{"embeddable":true,"href":"https:\/\/dgospel.com.br\/portal\/index.php\/wp-json\/wp\/v2\/media\/10966"}],"wp:attachment":[{"href":"https:\/\/dgospel.com.br\/portal\/index.php\/wp-json\/wp\/v2\/media?parent=10965"}],"wp:term":[{"taxonomy":"category","embeddable":true,"href":"https:\/\/dgospel.com.br\/portal\/index.php\/wp-json\/wp\/v2\/categories?post=10965"},{"taxonomy":"post_tag","embeddable":true,"href":"https:\/\/dgospel.com.br\/portal\/index.php\/wp-json\/wp\/v2\/tags?post=10965"}],"curies":[{"name":"wp","href":"https:\/\/api.w.org\/{rel}","templated":true}]}}