{"id":10977,"date":"2022-04-07T19:30:11","date_gmt":"2022-04-07T22:30:11","guid":{"rendered":"http:\/\/dgospel.com.br\/portal\/?p=10977"},"modified":"2022-04-07T19:30:12","modified_gmt":"2022-04-07T22:30:12","slug":"dia-do-jornalista-pr-josivan-gomes-e-homenageado-em-sessao-solene-na-camara-municipal-de-palmas","status":"publish","type":"post","link":"https:\/\/dgospel.com.br\/portal\/index.php\/2022\/04\/07\/dia-do-jornalista-pr-josivan-gomes-e-homenageado-em-sessao-solene-na-camara-municipal-de-palmas\/","title":{"rendered":"Dia do Jornalista: Pr. Josivan Gomes \u00e9 homenageado em Sess\u00e3o Solene na C\u00e2mara Municipal de Palmas"},"content":{"rendered":"\n<p>Em comemora\u00e7\u00e3o ao Dia do\nJornalista, a C\u00e2mara Municipal de Palmas realizou nesta quinta-feira, 7 de\nabril, uma Sess\u00e3o Solene. Na oportunidade, o vice-presidente da Casa de Leis,\nvereador Rubens Uchoa prestou homenagem ao jornalista e, pastor Josivan\nPutencio Gomes, pelos relevantes servi\u00e7os prestados na comunica\u00e7\u00e3o\nao Munic\u00edpio de Palmas.<\/p>\n\n\n\n<p>A Presidente da Casa, Professora Janad Valcari (PL)\ndestacou a import\u00e2ncia do trabalho jornal\u00edstico na apura\u00e7\u00e3o e divulga\u00e7\u00e3o dos\nfatos verdadeiros. \u201cO jornalista tem a miss\u00e3o de reportar a verdade, e voc\u00eas\nsabem trabalhar o conte\u00fado de uma forma em que a sociedade fique sempre bem\ninformada. N\u00f3s respeitamos voc\u00eas porque somos agradecidos por noticiarem nosso\ntrabalho que tem valor na sociedade. \u00c9 preciso dar publicidade a esse trabalho\nt\u00e3o importante e voc\u00eas fazem isso com louvor e acima de tudo, com\nimparcialidade. Agrade\u00e7o a cada um de voc\u00eas por estarem aqui e que continuem\nfazendo seu o trabalho com imparcialidade n\u00f3s estamos muito orgulhosos disso\u201d\nafirmou Janad.<\/p>\n\n\n\n<p>\u201cAgrade\u00e7o ao meu bondoso Deus, minha fam\u00edlia, e ao meu amigo,\nvice-presidente desta Casa Leis, vereador Rubens Uch\u00f4a pelo reconhecimento. A miss\u00e3o\ndo jornalista de reportar a verdade de forma imparcial \u00e9 muito \u00e1rdua, mas tenho\nprocurado fazer com responsabilidade. E essa homenagem nos motiva ainda mais\ncumpri essa miss\u00e3o\u201d, disse o homenageado. <\/p>\n\n\n\n<p>O Jornalista, que mora em Palmas deste 2001, mas que\nacompanha a capital desde que foi fundada, lembra das dificuldades. \u201cForam\nmuitas dificuldades, e cada obst\u00e1culo superado alimentava o sonho. Enfrentei\nmuitas lutas, andei muito a p\u00e9 e comi muita poeira, enfrentei o sol, a chuva e\no vento, mesmo assim nunca pensei em desistir, hoje sendo homenageado por esse\nparlamento sinto que tudo valeu a pena e que a supera\u00e7\u00e3o de cada obst\u00e1culo trouxe\na realiza\u00e7\u00e3o de um sonho\u201d, disse. <\/p>\n\n\n\n<p>O Jornalista, e pastor Josivan Gomes, \u00e9 casado, natural de\nRio Sono Tocantins, cursou jornalismo no Ceulp\/Ulbra, reside em Palmas desde\n2001, fundador e diretor do pioneiro, Jornal Folha Evang\u00e9lica, fundador e\ndiretor do site Di\u00e1rio Gospel, foi apresentador do Programa Gospel Music, na tv\nBoas Novas. O jornalista tamb\u00e9m trabalhou na assessoria de comunica\u00e7\u00e3o do\ndeputado pastor Pedro Lima, foi membro do conselho de comunica\u00e7\u00e3o da CIADSETA e\nassistente de comunica\u00e7\u00e3o da Assembleia de Deus Palmas centro.<\/p>\n\n\n\n<p>Atualmente \u00e9 diretor do site Di\u00e1rio Gospel, e \u00e9 pastor\npresidente da Igreja Assembleia de Deus CIADSETA, no Aureny IV, em Palmas. <\/p>\n\n\n\n<p>Na solenidade, cada vereador indicou um jornalista para ser\nhomenageado conforme lista abaixo:<\/p>\n\n\n\n<p>Professora Janad Valcari: Carlos Alberto Gomes Ferreira<\/p>\n\n\n\n<p>Marilon Barbosa: Welcton Rodrigues de Oliveira<\/p>\n\n\n\n<p>Laudecy Coimbra : Thelma Rejane Lima Maranh\u00e3o<\/p>\n\n\n\n<p>Moisemar Marinho: Cleber Luciano Mendes de Toledo<\/p>\n\n\n\n<p>Jucelino Rodrigues: Jos\u00e9 Valdemir Miranda<\/p>\n\n\n\n<p>Folha:&nbsp; Monique de Almeida Silva<\/p>\n\n\n\n<p>Pedro Cardoso: \u00c1lvaro J\u00fanior<\/p>\n\n\n\n<p>Mauro Lacerda: Francisco Eduardo Ferreira<\/p>\n\n\n\n<p>J\u00fanior Bras\u00e3o:Adriano Tavares Lopes de Resende<\/p>\n\n\n\n<p>Professora Iolanda Castro: Goianyr Barbosa<\/p>\n\n\n\n<p>Solange Duailibe: L\u00facia Geogethe Pinheiro<\/p>\n\n\n\n<p>Daniel Nascimento:&nbsp; Paulo C\u00e9sar Carneiro<\/p>\n\n\n\n<p>M\u00e1rcio Reis: Ramon Macedo<\/p>\n\n\n\n<p>Rubens Uch\u00f4a: Josivan Pot\u00eancio Gomes<\/p>\n\n\n\n<p>Waldson da Agesp: Isabel Cristina Lima Gon\u00e7alves<\/p>\n\n\n\n<p>Rog\u00e9rio Freitas: Joseph Madeira<\/p>\n\n\n\n<p>Filipe Martins: Luciene Lopes Barbosa<\/p>\n\n\n\n<p>&nbsp;Eudes Assis: Ivonete Pereira Motta<\/p>\n\n\n\n<p>Joatan de Jesus: N\u00fabia Daiana Mota Carvalho<\/p>\n\n\n\n<p>Os jornalistas L\u00e9o Candido, Diretor de Comunica\u00e7\u00e3o da Casa,\nAline Gusm\u00e3o e Paulo de Deus do quadro da institui\u00e7\u00e3o tamb\u00e9m foram homenageados\nna sess\u00e3o.<\/p>\n","protected":false},"excerpt":{"rendered":"<p>Em comemora\u00e7\u00e3o ao Dia do Jornalista, a C\u00e2mara Municipal de Palmas realizou nesta quinta-feira, 7 de abril, uma Sess\u00e3o Solene. Na oportunidade, o vice-presidente da Casa de Leis, vereador Rubens Uchoa prestou homenagem ao jornalista e, pastor Josivan Putencio Gomes, pelos relevantes servi\u00e7os prestados na comunica\u00e7\u00e3o ao Munic\u00edpio de Palmas. A Presidente da Casa, Professora [&hellip;]<\/p>\n","protected":false},"author":2,"featured_media":10978,"comment_status":"open","ping_status":"open","sticky":false,"template":"","format":"standard","meta":[],"categories":[8,4],"tags":[],"_links":{"self":[{"href":"https:\/\/dgospel.com.br\/portal\/index.php\/wp-json\/wp\/v2\/posts\/10977"}],"collection":[{"href":"https:\/\/dgospel.com.br\/portal\/index.php\/wp-json\/wp\/v2\/posts"}],"about":[{"href":"https:\/\/dgospel.com.br\/portal\/index.php\/wp-json\/wp\/v2\/types\/post"}],"author":[{"embeddable":true,"href":"https:\/\/dgospel.com.br\/portal\/index.php\/wp-json\/wp\/v2\/users\/2"}],"replies":[{"embeddable":true,"href":"https:\/\/dgospel.com.br\/portal\/index.php\/wp-json\/wp\/v2\/comments?post=10977"}],"version-history":[{"count":1,"href":"https:\/\/dgospel.com.br\/portal\/index.php\/wp-json\/wp\/v2\/posts\/10977\/revisions"}],"predecessor-version":[{"id":10979,"href":"https:\/\/dgospel.com.br\/portal\/index.php\/wp-json\/wp\/v2\/posts\/10977\/revisions\/10979"}],"wp:featuredmedia":[{"embeddable":true,"href":"https:\/\/dgospel.com.br\/portal\/index.php\/wp-json\/wp\/v2\/media\/10978"}],"wp:attachment":[{"href":"https:\/\/dgospel.com.br\/portal\/index.php\/wp-json\/wp\/v2\/media?parent=10977"}],"wp:term":[{"taxonomy":"category","embeddable":true,"href":"https:\/\/dgospel.com.br\/portal\/index.php\/wp-json\/wp\/v2\/categories?post=10977"},{"taxonomy":"post_tag","embeddable":true,"href":"https:\/\/dgospel.com.br\/portal\/index.php\/wp-json\/wp\/v2\/tags?post=10977"}],"curies":[{"name":"wp","href":"https:\/\/api.w.org\/{rel}","templated":true}]}}