{"id":10983,"date":"2022-04-08T13:00:44","date_gmt":"2022-04-08T16:00:44","guid":{"rendered":"http:\/\/dgospel.com.br\/portal\/?p=10983"},"modified":"2022-04-08T13:00:45","modified_gmt":"2022-04-08T16:00:45","slug":"governador-wanderlei-barbosa-entrega-sinalizacao-turistica-das-serras-gerais","status":"publish","type":"post","link":"https:\/\/dgospel.com.br\/portal\/index.php\/2022\/04\/08\/governador-wanderlei-barbosa-entrega-sinalizacao-turistica-das-serras-gerais\/","title":{"rendered":"Governador Wanderlei Barbosa entrega sinaliza\u00e7\u00e3o tur\u00edstica das Serras Gerais"},"content":{"rendered":"\n<p>O governador do Tocantins, Wanderlei Barbosa, fez a entrega da sinaliza\u00e7\u00e3o tur\u00edstica das Serras Gerais, em Almas, nessa quinta-feira, 7, acompanhado do secret\u00e1rio estadual da Cultura e Turismo, Hercy Filho.<\/p>\n\n\n\n<p>A regi\u00e3o Tur\u00edstica Serras Gerais foi contemplada pelo projeto de sinaliza\u00e7\u00e3o tur\u00edstica que beneficiou com 69 placas as cidades de Almas, Arraias, Aurora do Tocantins, Dian\u00f3polis, Natividade, Novo Alegre, Novo Jardim, Paran\u00e3, Pindorama, Rio da Concei\u00e7\u00e3o e Taguatinga. A a\u00e7\u00e3o atende uma demanda da Inst\u00e2ncia de Governan\u00e7a (IGR) que compreende os gestores e empresas ligadas ao trade tur\u00edstico da regi\u00e3o, sendo uma importante ferramenta para a comunica\u00e7\u00e3o tur\u00edstica e acessibilidade aos visitantes.<\/p>\n\n\n\n<p>A execu\u00e7\u00e3o do projeto de sinaliza\u00e7\u00e3o tur\u00edstica foi poss\u00edvel por meio do empr\u00e9stimo do Banco Internacional para Reconstru\u00e7\u00e3o e Desenvolvimento (BIRD), respons\u00e1vel pelo financiamento da execu\u00e7\u00e3o do Projeto de Desenvolvimento Regional Integrado e Sustent\u00e1vel do Tocantins (PDRIS), para o Governo do Tocantins.<\/p>\n\n\n\n<p>Para o secret\u00e1rio da Cultura e Turismo, Hercy Filho, a entrega e execu\u00e7\u00e3o do projeto s\u00f3 foi poss\u00edvel gra\u00e7as a determina\u00e7\u00e3o do governador Wanderlei Barbosa. &#8220;O objetivo \u00e9 orientar e facilitar o acesso dos turistas aos atrativos, valorizando os destinos tur\u00edsticos do sudeste tocantinense, atendendo a demanda que tanto beneficia os munic\u00edpios das Serras Gerais&#8221;.<\/p>\n\n\n\n<p>O projeto contribui para integra\u00e7\u00e3o da regi\u00e3o ao maior corredor de ecoturismo do Brasil que abrange Chapada dos Veadeiros, Serras Gerais, Jalap\u00e3o e Chapada das Mesas. Essa integra\u00e7\u00e3o contribui para a maior perman\u00eancia do turista no destino e amplia a gera\u00e7\u00e3o de renda da comunidade local por meio da atividade tur\u00edstica.<\/p>\n\n\n\n<figure class=\"wp-block-image\"><img src=\"https:\/\/central.to.gov.br\/image\/286855?w=670&amp;h=383\" alt=\"\"\/><\/figure>\n\n\n\n<p>Sinaliza\u00e7\u00e3o \u00e9 uma das melhorias para o crescimento e fortalecimento do turismo da regi\u00e3o &#8211; Tharson Lopes\/Governo do Tocantins&nbsp;<a href=\"https:\/\/central.to.gov.br\/image\/286855?f=1\" target=\"_blank\" rel=\"noreferrer noopener\"><em>f<\/em><\/a><\/p>\n","protected":false},"excerpt":{"rendered":"<p>O governador do Tocantins, Wanderlei Barbosa, fez a entrega da sinaliza\u00e7\u00e3o tur\u00edstica das Serras Gerais, em Almas, nessa quinta-feira, 7, acompanhado do secret\u00e1rio estadual da Cultura e Turismo, Hercy Filho. A regi\u00e3o Tur\u00edstica Serras Gerais foi contemplada pelo projeto de sinaliza\u00e7\u00e3o tur\u00edstica que beneficiou com 69 placas as cidades de Almas, Arraias, Aurora do Tocantins, [&hellip;]<\/p>\n","protected":false},"author":2,"featured_media":10984,"comment_status":"open","ping_status":"open","sticky":false,"template":"","format":"standard","meta":[],"categories":[3],"tags":[13],"_links":{"self":[{"href":"https:\/\/dgospel.com.br\/portal\/index.php\/wp-json\/wp\/v2\/posts\/10983"}],"collection":[{"href":"https:\/\/dgospel.com.br\/portal\/index.php\/wp-json\/wp\/v2\/posts"}],"about":[{"href":"https:\/\/dgospel.com.br\/portal\/index.php\/wp-json\/wp\/v2\/types\/post"}],"author":[{"embeddable":true,"href":"https:\/\/dgospel.com.br\/portal\/index.php\/wp-json\/wp\/v2\/users\/2"}],"replies":[{"embeddable":true,"href":"https:\/\/dgospel.com.br\/portal\/index.php\/wp-json\/wp\/v2\/comments?post=10983"}],"version-history":[{"count":1,"href":"https:\/\/dgospel.com.br\/portal\/index.php\/wp-json\/wp\/v2\/posts\/10983\/revisions"}],"predecessor-version":[{"id":10985,"href":"https:\/\/dgospel.com.br\/portal\/index.php\/wp-json\/wp\/v2\/posts\/10983\/revisions\/10985"}],"wp:featuredmedia":[{"embeddable":true,"href":"https:\/\/dgospel.com.br\/portal\/index.php\/wp-json\/wp\/v2\/media\/10984"}],"wp:attachment":[{"href":"https:\/\/dgospel.com.br\/portal\/index.php\/wp-json\/wp\/v2\/media?parent=10983"}],"wp:term":[{"taxonomy":"category","embeddable":true,"href":"https:\/\/dgospel.com.br\/portal\/index.php\/wp-json\/wp\/v2\/categories?post=10983"},{"taxonomy":"post_tag","embeddable":true,"href":"https:\/\/dgospel.com.br\/portal\/index.php\/wp-json\/wp\/v2\/tags?post=10983"}],"curies":[{"name":"wp","href":"https:\/\/api.w.org\/{rel}","templated":true}]}}