{"id":10989,"date":"2022-04-11T22:29:20","date_gmt":"2022-04-12T01:29:20","guid":{"rendered":"http:\/\/dgospel.com.br\/portal\/?p=10989"},"modified":"2022-04-11T22:29:21","modified_gmt":"2022-04-12T01:29:21","slug":"dermatite-da-mariposa-e-assunto-de-palestra-apos-registro-de-casos-na-capital","status":"publish","type":"post","link":"https:\/\/dgospel.com.br\/portal\/index.php\/2022\/04\/11\/dermatite-da-mariposa-e-assunto-de-palestra-apos-registro-de-casos-na-capital\/","title":{"rendered":"Dermatite da mariposa \u00e9 assunto de palestra ap\u00f3s registro de casos na Capital"},"content":{"rendered":"\n<p>Em Palmas, nove casos de dermatite da mariposa foram confirmados pela Secretaria de Sa\u00fade (Semus) de Palmas, por meio da coordena\u00e7\u00e3o de Vigil\u00e2ncia em Sa\u00fade e do Centro de Informa\u00e7\u00f5es Estrat\u00e9gicas em Vigil\u00e2ncia em Sa\u00fade (Cievs Palmas). Para auxiliar a rede de sa\u00fade do Munic\u00edpio a detectar a doen\u00e7a, a Sociedade Brasileira de Dermatologia do Tocantins (SBD-TO) promove a palestra &#8216;Identificar e conduzir&#8217;&nbsp;com Claudia Ferraz, dermatologista, doutora em Medicina Tropical e professora de dermatologia na Universidade Federal de Pernambuco (UFPE), que colaborou na investiga\u00e7\u00e3o do surto no Estado, ocorrido em 2021.&nbsp;<\/p>\n\n\n\n<p>A a\u00e7\u00e3o \u00e9 voltada para m\u00e9dicos tanto da rede p\u00fablica quanto da rede particular e ocorrer\u00e1 por videoconfer\u00eancia na plataforma Zoom, na pr\u00f3xima quarta-feira, 13, \u00e0s 19h30. S\u00e3o 300 vagas dispon\u00edveis e os profissionais interessados podem se inscrever por meio do e-mail&nbsp;<a rel=\"noreferrer noopener\" target=\"_blank\" href=\"mailto:urrcievspalmas.to@gmail.com\">urrcievspalmas.to@gmail.com<\/a>, onde devem ser encaminhados nome completo e contato telef\u00f4nico\/WhatsApp.&nbsp;<\/p>\n\n\n\n<p>Para o presidente da SBD-TO, Miguel Avila, a identifica\u00e7\u00e3o da dermatite provocada por mariposas no Tocantins trouxe a necessidade de uma abordagem correta dessa situa\u00e7\u00e3o pouco conhecida. \u201cO objetivo da palestra com a m\u00e9dica Claudia Ferraz \u00e9 munir toda a classe m\u00e9dica com o conhecimento necess\u00e1rio para o correto manejo dessa infrequente afec\u00e7\u00e3o dermatol\u00f3gica\u201d, destaca o profissional.&nbsp;<\/p>\n\n\n\n<p><strong>Doen\u00e7a<\/strong><\/p>\n\n\n\n<p>A dermatologista Luciane Prado foi a primeira profissional a atender casos da doen\u00e7a em Palmas, ap\u00f3s um grande grupo de pessoas irem buscar atendimento de sa\u00fade com coceira em pontos expostos do corpo. A confirma\u00e7\u00e3o para dermatite da mariposa ocorreu depois das equipes da Semus compararem os casos com o surto de coceira ocorrido em Pernambuco.<\/p>\n\n\n\n<p>Segundo Luciane, a dermatite da mariposa \u00e9 uma rea\u00e7\u00e3o al\u00e9rgica \u00e0s cerdas eliminadas pela mariposa, da esp\u00e9cie Hylesia, no momento do voo, caracterizada por les\u00f5es e coceira. As les\u00f5es duram at\u00e9 15 dias e s\u00e3o caracterizadas por carocinhos vermelhos que causam coceira intensa, geralmente no pesco\u00e7o, bra\u00e7os e m\u00e3os.&nbsp;<\/p>\n\n\n\n<p>A m\u00e9dica explica que o tratamento \u00e9 feito com antial\u00e9rgicos e cortic\u00f3ides (pomadas e comprimidos). Alguns casos muito intensos podem ser tratados com medica\u00e7\u00e3o intramuscular. Ela informa que tamb\u00e9m pode acontecer de infec\u00e7\u00e3o por bact\u00e9rias ap\u00f3s o paciente co\u00e7ar a les\u00e3o com as unhas sujas. \u201cNesses casos tamb\u00e9m entramos com o antibi\u00f3tico\u201d.&nbsp;<\/p>\n\n\n\n<p>Quanto \u00e0s les\u00f5es, Luciane explica que o cidad\u00e3o deve procurar a Unidade de Sa\u00fade da Fam\u00edlia (USF) de refer\u00eancia quando tiver sintomas semelhantes. \u201cOs sintomas s\u00e3o insuport\u00e1veis, tiram o sono e podem muitas vezes o diagn\u00f3stico pode indicar uma escabiose, que \u00e9 a sarna. Com isso, muitos pacientes podem realizar tratamento inadequado. \u00c9 preciso estar atento aos sintomas e procurar ajuda\u201d, finaliza a profissional.&nbsp;<\/p>\n","protected":false},"excerpt":{"rendered":"<p>Em Palmas, nove casos de dermatite da mariposa foram confirmados pela Secretaria de Sa\u00fade (Semus) de Palmas, por meio da coordena\u00e7\u00e3o de Vigil\u00e2ncia em Sa\u00fade e do Centro de Informa\u00e7\u00f5es Estrat\u00e9gicas em Vigil\u00e2ncia em Sa\u00fade (Cievs Palmas). Para auxiliar a rede de sa\u00fade do Munic\u00edpio a detectar a doen\u00e7a, a Sociedade Brasileira de Dermatologia do [&hellip;]<\/p>\n","protected":false},"author":2,"featured_media":10990,"comment_status":"open","ping_status":"open","sticky":false,"template":"","format":"standard","meta":[],"categories":[3],"tags":[],"_links":{"self":[{"href":"https:\/\/dgospel.com.br\/portal\/index.php\/wp-json\/wp\/v2\/posts\/10989"}],"collection":[{"href":"https:\/\/dgospel.com.br\/portal\/index.php\/wp-json\/wp\/v2\/posts"}],"about":[{"href":"https:\/\/dgospel.com.br\/portal\/index.php\/wp-json\/wp\/v2\/types\/post"}],"author":[{"embeddable":true,"href":"https:\/\/dgospel.com.br\/portal\/index.php\/wp-json\/wp\/v2\/users\/2"}],"replies":[{"embeddable":true,"href":"https:\/\/dgospel.com.br\/portal\/index.php\/wp-json\/wp\/v2\/comments?post=10989"}],"version-history":[{"count":1,"href":"https:\/\/dgospel.com.br\/portal\/index.php\/wp-json\/wp\/v2\/posts\/10989\/revisions"}],"predecessor-version":[{"id":10991,"href":"https:\/\/dgospel.com.br\/portal\/index.php\/wp-json\/wp\/v2\/posts\/10989\/revisions\/10991"}],"wp:featuredmedia":[{"embeddable":true,"href":"https:\/\/dgospel.com.br\/portal\/index.php\/wp-json\/wp\/v2\/media\/10990"}],"wp:attachment":[{"href":"https:\/\/dgospel.com.br\/portal\/index.php\/wp-json\/wp\/v2\/media?parent=10989"}],"wp:term":[{"taxonomy":"category","embeddable":true,"href":"https:\/\/dgospel.com.br\/portal\/index.php\/wp-json\/wp\/v2\/categories?post=10989"},{"taxonomy":"post_tag","embeddable":true,"href":"https:\/\/dgospel.com.br\/portal\/index.php\/wp-json\/wp\/v2\/tags?post=10989"}],"curies":[{"name":"wp","href":"https:\/\/api.w.org\/{rel}","templated":true}]}}