{"id":10992,"date":"2022-04-11T22:49:36","date_gmt":"2022-04-12T01:49:36","guid":{"rendered":"http:\/\/dgospel.com.br\/portal\/?p=10992"},"modified":"2022-04-21T10:42:54","modified_gmt":"2022-04-21T13:42:54","slug":"daniel-silveira-pede-suspeicao-de-9-dos-11-ministros-do-stf","status":"publish","type":"post","link":"https:\/\/dgospel.com.br\/portal\/index.php\/2022\/04\/11\/daniel-silveira-pede-suspeicao-de-9-dos-11-ministros-do-stf\/","title":{"rendered":"Vereador Rubens Uch\u00f4a lamenta o falecimento do pastor Valdenor"},"content":{"rendered":"\n<p>O vereador Rubens Uch\u00f4a lamentou o falecimento do pastor Valdenor Fernandes. Ele faleceu no \u00faltimo s\u00e1bado, 09, e era pai do advogado Derisvan e do pastor Derisvaldo.<\/p>\n\n\n\n<p>Uch\u00f4a emitiu nota de pesar em apoio a fam\u00edlia e amigos:<\/p>\n\n\n\n<p><strong>Nota de pesar<\/strong><\/p>\n\n\n\n<p><em>\u201cAcordamos com a triste not\u00edcia do falecimento do pastor Valdenor, um grande amigo e pioneiro da nossa capital. Homem de f\u00e9 e exemplo para toda a sua fam\u00edlia e amigos. Desejamos os nossos mais sinceros sentimentos a todos os familiares e amigos\u201d.<\/em><\/p>\n\n\n\n<p>Fonte: primeirapagina<br><\/p>\n","protected":false},"excerpt":{"rendered":"<p>O vereador Rubens Uch\u00f4a lamentou o falecimento do pastor Valdenor Fernandes. Ele faleceu no \u00faltimo s\u00e1bado, 09, e era pai do advogado Derisvan e do pastor Derisvaldo. Uch\u00f4a emitiu nota de pesar em apoio a fam\u00edlia e amigos: Nota de pesar \u201cAcordamos com a triste not\u00edcia do falecimento do pastor Valdenor, um grande amigo e [&hellip;]<\/p>\n","protected":false},"author":2,"featured_media":10993,"comment_status":"open","ping_status":"open","sticky":false,"template":"","format":"standard","meta":[],"categories":[4],"tags":[14],"_links":{"self":[{"href":"https:\/\/dgospel.com.br\/portal\/index.php\/wp-json\/wp\/v2\/posts\/10992"}],"collection":[{"href":"https:\/\/dgospel.com.br\/portal\/index.php\/wp-json\/wp\/v2\/posts"}],"about":[{"href":"https:\/\/dgospel.com.br\/portal\/index.php\/wp-json\/wp\/v2\/types\/post"}],"author":[{"embeddable":true,"href":"https:\/\/dgospel.com.br\/portal\/index.php\/wp-json\/wp\/v2\/users\/2"}],"replies":[{"embeddable":true,"href":"https:\/\/dgospel.com.br\/portal\/index.php\/wp-json\/wp\/v2\/comments?post=10992"}],"version-history":[{"count":2,"href":"https:\/\/dgospel.com.br\/portal\/index.php\/wp-json\/wp\/v2\/posts\/10992\/revisions"}],"predecessor-version":[{"id":11070,"href":"https:\/\/dgospel.com.br\/portal\/index.php\/wp-json\/wp\/v2\/posts\/10992\/revisions\/11070"}],"wp:featuredmedia":[{"embeddable":true,"href":"https:\/\/dgospel.com.br\/portal\/index.php\/wp-json\/wp\/v2\/media\/10993"}],"wp:attachment":[{"href":"https:\/\/dgospel.com.br\/portal\/index.php\/wp-json\/wp\/v2\/media?parent=10992"}],"wp:term":[{"taxonomy":"category","embeddable":true,"href":"https:\/\/dgospel.com.br\/portal\/index.php\/wp-json\/wp\/v2\/categories?post=10992"},{"taxonomy":"post_tag","embeddable":true,"href":"https:\/\/dgospel.com.br\/portal\/index.php\/wp-json\/wp\/v2\/tags?post=10992"}],"curies":[{"name":"wp","href":"https:\/\/api.w.org\/{rel}","templated":true}]}}