{"id":10998,"date":"2022-04-12T00:01:22","date_gmt":"2022-04-12T03:01:22","guid":{"rendered":"http:\/\/dgospel.com.br\/portal\/?p=10998"},"modified":"2022-04-12T00:01:23","modified_gmt":"2022-04-12T03:01:23","slug":"governo-do-tocantins-obtem-recursos-para-investir-na-modernizacao-da-gestao-publica","status":"publish","type":"post","link":"https:\/\/dgospel.com.br\/portal\/index.php\/2022\/04\/12\/governo-do-tocantins-obtem-recursos-para-investir-na-modernizacao-da-gestao-publica\/","title":{"rendered":"Governo do Tocantins obt\u00e9m recursos para investir na moderniza\u00e7\u00e3o da gest\u00e3o p\u00fablica"},"content":{"rendered":"\n<p>O Governo do Tocantins obteve libera\u00e7\u00e3o de recursos com o Banco Mundial (BIRD), objetivando promover a moderniza\u00e7\u00e3o na administra\u00e7\u00e3o p\u00fablica, com foco nos eixos da gest\u00e3o Fiscal, Financeiro e Patrimonial. A conquista se deve ao trabalho integrado da Secretaria de Estado da Administra\u00e7\u00e3o (Secad) e da Secretaria de Estado do Planejamento e Or\u00e7amento (Seplan).<\/p>\n\n\n\n<p>O recurso ser\u00e1 utilizado na atualiza\u00e7\u00e3o de sistemas, capacita\u00e7\u00e3o de pessoal, na otimiza\u00e7\u00e3o de processos, al\u00e9m de contemplar o desenvolvimento e a implanta\u00e7\u00e3o de softwares integrados que resultar\u00e3o na redu\u00e7\u00e3o de gastos com compras p\u00fablicas, pessoal ativo e inativo, bem como, na gest\u00e3o eficiente do patrim\u00f4nio.<\/p>\n\n\n\n<p>O secret\u00e1rio de Estado da Administra\u00e7\u00e3o, Rafael Sulino, destaca que a Secad tem um papel relevante nesse projeto, ressaltando a import\u00e2ncia desse avan\u00e7o. \u201cA gest\u00e3o do governador Wanderlei Barbosa tem mantido o foco na otimiza\u00e7\u00e3o da gest\u00e3o p\u00fablica, por isso n\u00e3o tem medido esfor\u00e7os para promover melhorias que s\u00e3o necess\u00e1rias. A gest\u00e3o p\u00fablica do Tocantins precisa avan\u00e7ar para acompanhar as novas tecnologias, pois sabemos que este investimento \u00e9 essencial para que possamos alcan\u00e7ar um cen\u00e1rio mais adequado e moderno\u201d, salienta.<\/p>\n\n\n\n<p>Para o secret\u00e1rio Executivo da Administra\u00e7\u00e3o, Rodrigo Ayres, a libera\u00e7\u00e3o do recurso representa um passo importante para a desenvolvimento do Tocantins. \u201cA participa\u00e7\u00e3o direta do governador e da bancada federal foi fundamental para o sucesso da libera\u00e7\u00e3o dos recursos que mudar\u00e3o exponencialmente o Tocantins para melhor\u201d, frisa.<\/p>\n\n\n\n<p><strong>O Pro-Gest\u00e3o<\/strong><\/p>\n\n\n\n<p>O Programa de financiamento com o Banco Mundial para a sustentabilidade fiscal, efici\u00eancia e efic\u00e1cia do gasto p\u00fablico estadual (Pro-Gest\u00e3o), visa promover a melhoria da administra\u00e7\u00e3o p\u00fablica por meio de a\u00e7\u00f5es com foco na redu\u00e7\u00e3o e a racionaliza\u00e7\u00e3o do gasto p\u00fablico com resultados perenes, de modo a contribuir para a sustentabilidade fiscal dos entes subnacionais.<\/p>\n\n\n\n<p>O programa possui tr\u00eas eixos priorit\u00e1rios, que s\u00e3o: Gest\u00e3o Fiscal, com foco na racionaliza\u00e7\u00e3o de gastos com pessoal ativo e inativo e na moderniza\u00e7\u00e3o de compras p\u00fablicas; Gest\u00e3o Financeira, com foco na redu\u00e7\u00e3o do custo da d\u00edvida e inconformidades, bem como na racionaliza\u00e7\u00e3o dos investimentos p\u00fablicos; e Gest\u00e3o Patrimonial, com foco na racionaliza\u00e7\u00e3o dos gastos com o patrim\u00f4nio.<\/p>\n\n\n\n<p>A Comiss\u00e3o de Financiamentos Externos (Cofiex) do Minist\u00e9rio da Economia recomendou na quinta-feira, 7, em sua 160\u00aa reuni\u00e3o, o valor total de US$ 2,2 milh\u00f5es, para 22 projetos financiados com recursos externos de bancos multilaterais.<\/p>\n\n\n\n<p>Foram liberados para o Pr\u00f3-Gest\u00e3o mais de R$ 200 milh\u00f5es, que ser\u00e3o aplicados no desenvolvimento dos projetos espec\u00edficos para cada eixo do Programa.<\/p>\n","protected":false},"excerpt":{"rendered":"<p>O Governo do Tocantins obteve libera\u00e7\u00e3o de recursos com o Banco Mundial (BIRD), objetivando promover a moderniza\u00e7\u00e3o na administra\u00e7\u00e3o p\u00fablica, com foco nos eixos da gest\u00e3o Fiscal, Financeiro e Patrimonial. A conquista se deve ao trabalho integrado da Secretaria de Estado da Administra\u00e7\u00e3o (Secad) e da Secretaria de Estado do Planejamento e Or\u00e7amento (Seplan). O [&hellip;]<\/p>\n","protected":false},"author":2,"featured_media":10999,"comment_status":"open","ping_status":"open","sticky":false,"template":"","format":"standard","meta":[],"categories":[3],"tags":[13],"_links":{"self":[{"href":"https:\/\/dgospel.com.br\/portal\/index.php\/wp-json\/wp\/v2\/posts\/10998"}],"collection":[{"href":"https:\/\/dgospel.com.br\/portal\/index.php\/wp-json\/wp\/v2\/posts"}],"about":[{"href":"https:\/\/dgospel.com.br\/portal\/index.php\/wp-json\/wp\/v2\/types\/post"}],"author":[{"embeddable":true,"href":"https:\/\/dgospel.com.br\/portal\/index.php\/wp-json\/wp\/v2\/users\/2"}],"replies":[{"embeddable":true,"href":"https:\/\/dgospel.com.br\/portal\/index.php\/wp-json\/wp\/v2\/comments?post=10998"}],"version-history":[{"count":1,"href":"https:\/\/dgospel.com.br\/portal\/index.php\/wp-json\/wp\/v2\/posts\/10998\/revisions"}],"predecessor-version":[{"id":11000,"href":"https:\/\/dgospel.com.br\/portal\/index.php\/wp-json\/wp\/v2\/posts\/10998\/revisions\/11000"}],"wp:featuredmedia":[{"embeddable":true,"href":"https:\/\/dgospel.com.br\/portal\/index.php\/wp-json\/wp\/v2\/media\/10999"}],"wp:attachment":[{"href":"https:\/\/dgospel.com.br\/portal\/index.php\/wp-json\/wp\/v2\/media?parent=10998"}],"wp:term":[{"taxonomy":"category","embeddable":true,"href":"https:\/\/dgospel.com.br\/portal\/index.php\/wp-json\/wp\/v2\/categories?post=10998"},{"taxonomy":"post_tag","embeddable":true,"href":"https:\/\/dgospel.com.br\/portal\/index.php\/wp-json\/wp\/v2\/tags?post=10998"}],"curies":[{"name":"wp","href":"https:\/\/api.w.org\/{rel}","templated":true}]}}