{"id":11,"date":"2018-05-09T13:50:37","date_gmt":"2018-05-09T16:50:37","guid":{"rendered":"http:\/\/dgospel.com.br\/portal\/?p=11"},"modified":"2018-05-09T13:50:37","modified_gmt":"2018-05-09T16:50:37","slug":"a-liberacao-do-aborto-e-um-genocidio-diz-mae-de-55-filhos-na-marcha-pela-vida","status":"publish","type":"post","link":"https:\/\/dgospel.com.br\/portal\/index.php\/2018\/05\/09\/a-liberacao-do-aborto-e-um-genocidio-diz-mae-de-55-filhos-na-marcha-pela-vida\/","title":{"rendered":"\u201cA libera\u00e7\u00e3o do aborto \u00e9 um genoc\u00eddio\u201d, diz m\u00e3e de 55 filhos na Marcha pela Vida"},"content":{"rendered":"<p>No \u00faltimo domingo (6) ocorreu a sexta edi\u00e7\u00e3o da Marcha pela Vida, um movimento anual que re\u00fane pessoas de diversos segmentos religiosos, entre evang\u00e9licos, cat\u00f3licos, esp\u00edritas e tamb\u00e9m ateus, todos em defesa de valores comuns que dizem respeito \u00e0 preserva\u00e7\u00e3o da vida.<\/p>\n<p>Organizada\u00a0pelo Movimento Nacional da Cidadania pela Vida \u2013 Brasil sem Aborto, a multid\u00e3o de pessoas percorreu a orla de Copacabana, no Rio de Janeiro, e contou com a participa\u00e7\u00e3o de v\u00e1rias personalidades do meio pol\u00edtico, art\u00edstico e religioso.<\/p>\n<p>Uma das principais bandeiras levantadas na Marcha pela Vida desse ano foi denunciar a possibilidade de vota\u00e7\u00e3o em favor de uma proposta que tramita no Supremo Tribunal Federal, que, na pr\u00e1tica, pode autorizar a realiza\u00e7\u00e3o do aborto at\u00e9 12 semanas de gravidez. Os manifestantes pr\u00f3-vida pediram a total rejei\u00e7\u00e3o da proposta e a prote\u00e7\u00e3o do Estatuto do Nascituro.<\/p>\n<p>Uma das participantes e principais vozes contra o aborto e conhecida por ter 55 filhos (quatro biol\u00f3gicos) foi a cantora evang\u00e9lica\u00a0Flordelis dos Santos Souza, mais conhecida apenas como \u201cFlordelis\u201d. Ela possui um instituto para acolhimento de crian\u00e7as de rua e sua hist\u00f3ria de vida j\u00e1 virou filme: \u201cFlordelis \u2013 Basta uma Palavra para Mudar\u201d.<\/p>\n<p>\u201cLuto pelo direito \u00e0 vida porque acredito que a libera\u00e7\u00e3o do aborto \u00e9 um genoc\u00eddio. Com a libera\u00e7\u00e3o do aborto, milhares de crian\u00e7as ser\u00e3o assassinadas\u201d, disse ela.<\/p>\n<p>\u201cEu sou m\u00e3e de 55 filhos e muitos deles escaparam de tentativas de aborto, e mesmo depois de nascidos foram abandonados. Tenho filhos que foram jogados no lixo, em val\u00f5es. Essa marcha \u00e9 importante para conscientizar o povo e chamar a sociedade para essa luta que n\u00e3o pode ser s\u00f3 nossa, mas de todos\u201d, completou, segundo informa\u00e7\u00f5es do\u00a0<a href=\"https:\/\/pleno.news\/brasil\/cidades\/marcha-pela-vida-tem-apoio-de-flordelis-e-elba-ramalho.html\">Pleno News<\/a>.<\/p>\n<p>Quem tamb\u00e9m esteve presente na Marcha pela Vida foi a cantora Elba Ramalho, que fez quest\u00e3o de discursar, defendendo de forma contunente a vida humana j\u00e1 nas primeiras semanas de gesta\u00e7\u00e3o:\u00a0\u201cO homem tem pensado equivocadamente e n\u00e3o sabe o quanto isso fere o cora\u00e7\u00e3o de Deus\u201d, disse ela.<\/p>\n<p>\u201cO aborto \u00e9 um equ\u00edvoco porque a m\u00e3e que deveria acolher seu filho, o rejeita. E os m\u00e9dicos, que deveriam salvar, matam. Est\u00e1 tudo equivocado. A vida n\u00e3o existe somente quando uma pessoa nasce, mas j\u00e1 come\u00e7a no momento da concep\u00e7\u00e3o\u201d, declarou.<\/p>\n<p>Para\u00a0o arcebispo da arquidiocese do Rio de Janeiro, Dom Orani Jo\u00e3o Tempesta, que tamb\u00e9m participou da Marcha, ser contra a legaliza\u00e7\u00e3o do aborto \u00e9 ser contra o que chamou de \u201ccultura da morte\u201d:<\/p>\n<p>\u201cA paz vir\u00e1 no momento que respeitarmos a vida. Estou aqui e fa\u00e7o desta caminhada uma resist\u00eancia \u00e0 cultura da morte, resist\u00eancia em favor da vida\u201d, disse ele.<\/p>\n","protected":false},"excerpt":{"rendered":"<p>No \u00faltimo domingo (6) ocorreu a sexta edi\u00e7\u00e3o da Marcha pela Vida, um movimento anual que re\u00fane pessoas de diversos segmentos religiosos, entre evang\u00e9licos, cat\u00f3licos, esp\u00edritas e tamb\u00e9m ateus, todos em defesa de valores comuns que dizem respeito \u00e0 preserva\u00e7\u00e3o da vida. Organizada\u00a0pelo Movimento Nacional da Cidadania pela Vida \u2013 Brasil sem Aborto, a multid\u00e3o [&hellip;]<\/p>\n","protected":false},"author":2,"featured_media":12,"comment_status":"open","ping_status":"open","sticky":false,"template":"","format":"standard","meta":[],"categories":[2,5],"tags":[],"_links":{"self":[{"href":"https:\/\/dgospel.com.br\/portal\/index.php\/wp-json\/wp\/v2\/posts\/11"}],"collection":[{"href":"https:\/\/dgospel.com.br\/portal\/index.php\/wp-json\/wp\/v2\/posts"}],"about":[{"href":"https:\/\/dgospel.com.br\/portal\/index.php\/wp-json\/wp\/v2\/types\/post"}],"author":[{"embeddable":true,"href":"https:\/\/dgospel.com.br\/portal\/index.php\/wp-json\/wp\/v2\/users\/2"}],"replies":[{"embeddable":true,"href":"https:\/\/dgospel.com.br\/portal\/index.php\/wp-json\/wp\/v2\/comments?post=11"}],"version-history":[{"count":1,"href":"https:\/\/dgospel.com.br\/portal\/index.php\/wp-json\/wp\/v2\/posts\/11\/revisions"}],"predecessor-version":[{"id":13,"href":"https:\/\/dgospel.com.br\/portal\/index.php\/wp-json\/wp\/v2\/posts\/11\/revisions\/13"}],"wp:featuredmedia":[{"embeddable":true,"href":"https:\/\/dgospel.com.br\/portal\/index.php\/wp-json\/wp\/v2\/media\/12"}],"wp:attachment":[{"href":"https:\/\/dgospel.com.br\/portal\/index.php\/wp-json\/wp\/v2\/media?parent=11"}],"wp:term":[{"taxonomy":"category","embeddable":true,"href":"https:\/\/dgospel.com.br\/portal\/index.php\/wp-json\/wp\/v2\/categories?post=11"},{"taxonomy":"post_tag","embeddable":true,"href":"https:\/\/dgospel.com.br\/portal\/index.php\/wp-json\/wp\/v2\/tags?post=11"}],"curies":[{"name":"wp","href":"https:\/\/api.w.org\/{rel}","templated":true}]}}