{"id":11001,"date":"2022-04-12T00:03:43","date_gmt":"2022-04-12T03:03:43","guid":{"rendered":"http:\/\/dgospel.com.br\/portal\/?p=11001"},"modified":"2022-04-12T00:03:44","modified_gmt":"2022-04-12T03:03:44","slug":"governo-do-tocantins-anuncia-contratacao-de-medicos-pediatras","status":"publish","type":"post","link":"https:\/\/dgospel.com.br\/portal\/index.php\/2022\/04\/12\/governo-do-tocantins-anuncia-contratacao-de-medicos-pediatras\/","title":{"rendered":"Governo do Tocantins anuncia contrata\u00e7\u00e3o de m\u00e9dicos pediatras"},"content":{"rendered":"\n<p>Com o objetivo de suprir a necessidade imediata de m\u00e9dicos pediatras, para atuarem na Unidade de Terapia Intensiva (UTI) do Hospital Geral de Palmas (HGP), a Secretaria de Estado da Sa\u00fade (SES-TO) anuncia contrata\u00e7\u00e3o de cinco especialistas.<\/p>\n\n\n\n<p>Segundo o titular da SES-TO, Afonso Piva, \u201cprecisamos com urg\u00eancia destes profissionais, pois temos uma demanda grande por esta especialidade e dispomos de equipamentos e espa\u00e7o f\u00edsico para o funcionamento pleno dos servi\u00e7os\u201d, destacou o gestor.<\/p>\n\n\n\n<p>Atualmente, o HGP tem 10 leitos de UTI infantil em funcionamento e com a contrata\u00e7\u00e3o de pediatras, ser\u00e1 poss\u00edvel a abertura de mais 10 leitos com este perfil.<\/p>\n\n\n\n<p>Os interessados podem enviar curr\u00edculo, em formato PDF, para o e-mail&nbsp;<a href=\"mailto:sesaucontratos2019@gmail.com\">sesaucontratos2019@gmail.com<\/a>&nbsp;ou comparecer ao setor de recursos humanos da SES-TO, em Palmas, esplanada das Secretarias, Pra\u00e7a dos Girass\u00f3is, sem n\u00famero.<\/p>\n\n\n\n<p>Outras informa\u00e7\u00f5es podem ser obtidas na Diretoria de Gest\u00e3o Profissional da SES-TO, nos seguintes telefones: (63) 3218-1744 \/ 3242\/2706\/1740.<\/p>\n","protected":false},"excerpt":{"rendered":"<p>Com o objetivo de suprir a necessidade imediata de m\u00e9dicos pediatras, para atuarem na Unidade de Terapia Intensiva (UTI) do Hospital Geral de Palmas (HGP), a Secretaria de Estado da Sa\u00fade (SES-TO) anuncia contrata\u00e7\u00e3o de cinco especialistas. Segundo o titular da SES-TO, Afonso Piva, \u201cprecisamos com urg\u00eancia destes profissionais, pois temos uma demanda grande por [&hellip;]<\/p>\n","protected":false},"author":2,"featured_media":11002,"comment_status":"open","ping_status":"open","sticky":false,"template":"","format":"standard","meta":[],"categories":[3],"tags":[13],"_links":{"self":[{"href":"https:\/\/dgospel.com.br\/portal\/index.php\/wp-json\/wp\/v2\/posts\/11001"}],"collection":[{"href":"https:\/\/dgospel.com.br\/portal\/index.php\/wp-json\/wp\/v2\/posts"}],"about":[{"href":"https:\/\/dgospel.com.br\/portal\/index.php\/wp-json\/wp\/v2\/types\/post"}],"author":[{"embeddable":true,"href":"https:\/\/dgospel.com.br\/portal\/index.php\/wp-json\/wp\/v2\/users\/2"}],"replies":[{"embeddable":true,"href":"https:\/\/dgospel.com.br\/portal\/index.php\/wp-json\/wp\/v2\/comments?post=11001"}],"version-history":[{"count":1,"href":"https:\/\/dgospel.com.br\/portal\/index.php\/wp-json\/wp\/v2\/posts\/11001\/revisions"}],"predecessor-version":[{"id":11003,"href":"https:\/\/dgospel.com.br\/portal\/index.php\/wp-json\/wp\/v2\/posts\/11001\/revisions\/11003"}],"wp:featuredmedia":[{"embeddable":true,"href":"https:\/\/dgospel.com.br\/portal\/index.php\/wp-json\/wp\/v2\/media\/11002"}],"wp:attachment":[{"href":"https:\/\/dgospel.com.br\/portal\/index.php\/wp-json\/wp\/v2\/media?parent=11001"}],"wp:term":[{"taxonomy":"category","embeddable":true,"href":"https:\/\/dgospel.com.br\/portal\/index.php\/wp-json\/wp\/v2\/categories?post=11001"},{"taxonomy":"post_tag","embeddable":true,"href":"https:\/\/dgospel.com.br\/portal\/index.php\/wp-json\/wp\/v2\/tags?post=11001"}],"curies":[{"name":"wp","href":"https:\/\/api.w.org\/{rel}","templated":true}]}}