{"id":11004,"date":"2022-04-12T00:05:32","date_gmt":"2022-04-12T03:05:32","guid":{"rendered":"http:\/\/dgospel.com.br\/portal\/?p=11004"},"modified":"2022-04-12T00:05:33","modified_gmt":"2022-04-12T03:05:33","slug":"casos-de-covid-19-caem-91-no-tocantins","status":"publish","type":"post","link":"https:\/\/dgospel.com.br\/portal\/index.php\/2022\/04\/12\/casos-de-covid-19-caem-91-no-tocantins\/","title":{"rendered":"Casos de covid-19 caem 91% no Tocantins"},"content":{"rendered":"\n<p>O Estado do Tocantins registra redu\u00e7\u00e3o de 91,7% no n\u00famero de casos confirmados da covid-19 em 2022. A mesma tend\u00eancia de queda tamb\u00e9m foi registrada no n\u00famero de \u00f3bitos, com redu\u00e7\u00e3o de 86,9% no primeiro trimestre deste ano. J\u00e1 as interna\u00e7\u00f5es tiveram uma redu\u00e7\u00e3o de 72,6%. Os dados s\u00e3o do Centro de Informa\u00e7\u00f5es Estrat\u00e9gicas em Vigil\u00e2ncia em Sa\u00fade (CIEVS\/TO) e da Superintend\u00eancia de Prote\u00e7\u00e3o e Aten\u00e7\u00e3o \u00e0 Sa\u00fade (SPAS), da Secretaria de Estado da Sa\u00fade (SES).<\/p>\n\n\n\n<p>O levantamento realizado constatou que o Tocantins registrou um pico da doen\u00e7a no m\u00eas de janeiro deste ano, com 42.381 casos confirmados e 96 \u00f3bitos, aumento relacionado \u00e0 introdu\u00e7\u00e3o da nova variante \u00d4micron, mais contagiosa e menos letal. No m\u00eas de fevereiro, com a amplia\u00e7\u00e3o da popula\u00e7\u00e3o vacinada, os \u00edndices come\u00e7aram a baixar, sendo apontados 20.370 casos confirmados. Mar\u00e7o fechou com 1.700 casos positivos; e no m\u00eas de abril, at\u00e9 o dia 10, foram 75 confirma\u00e7\u00f5es da doen\u00e7a.<\/p>\n\n\n\n<p>Com rela\u00e7\u00e3o ao n\u00famero de \u00f3bitos, o Estado registra 14 dias sem a perda de vidas pela doen\u00e7a. A \u00faltima notifica\u00e7\u00e3o ocorreu no dia 25 de mar\u00e7o e at\u00e9 esta segunda-feira, 11, este \u00edndice est\u00e1 zerado, no painel do Centro de Informa\u00e7\u00f5es e Decis\u00f5es Estrat\u00e9gicas em Sa\u00fade (Integra Sa\u00fade). Nos tr\u00eas primeiros meses de 2022, houve queda de 86,9% dos \u00f3bitos, com registro de 96 em janeiro, 61 em fevereiro, oito em mar\u00e7o e nenhum em abril, at\u00e9 o momento.<\/p>\n\n\n\n<p>As interna\u00e7\u00f5es por covid-19 tamb\u00e9m ca\u00edram no Tocantins. Dados da SPAS mostram que, em janeiro de 2022, o Tocantins registrou 194 interna\u00e7\u00f5es pela doen\u00e7a e em fevereiro 53, uma queda de 72,6%.<\/p>\n\n\n\n<p>Para o secret\u00e1rio de Estado da Sa\u00fade, Afonso Piva de Santana, isso \u00e9 a garantia da efic\u00e1cia das vacinas utilizadas no Sistema \u00danico de Sa\u00fade (SUS). \u201cO Tocantins j\u00e1 conta com 63,54% da sua popula\u00e7\u00e3o totalmente imunizada. N\u00e3o \u00e9 o \u00edndice que buscamos, pois queremos toda a popula\u00e7\u00e3o protegida, mas j\u00e1 reflete nos indicadores de Sa\u00fade. A redu\u00e7\u00e3o nos casos confirmados e, principalmente, a redu\u00e7\u00e3o expressiva de interna\u00e7\u00f5es e \u00f3bitos nos demonstra que estamos no caminho certo\u201d, afirmou.<\/p>\n\n\n\n<p>O gestor ainda fez um apelo. \u201cConclamamos a popula\u00e7\u00e3o tocantinense que busque as Unidades de Sa\u00fade e se vacine. Quem tiver d\u00favidas sobre estar infectado, que fa\u00e7a os exames necess\u00e1rios. Com as vacinas dispon\u00edveis, conseguimos controlar diversas doen\u00e7as, al\u00e9m da covid-19\u201d, ressaltou.<\/p>\n\n\n\n<figure class=\"wp-block-image\"><img src=\"https:\/\/central.to.gov.br\/image\/287327?w=670&amp;h=383\" alt=\"\"\/><\/figure>\n\n\n\n<p>A mesma redu\u00e7\u00e3o ocorreu no n\u00famero de \u00f3bitos com redu\u00e7\u00e3o de 86,9% &#8211; SES\/Governo do Tocantins.<\/p>\n\n\n\n<figure class=\"wp-block-image\"><img src=\"https:\/\/central.to.gov.br\/image\/287322?w=670&amp;h=383\" alt=\"\"\/><\/figure>\n\n\n\n<p>A\u00e7\u00f5es de controle e preven\u00e7\u00e3o tamb\u00e9m ajudaram na redu\u00e7\u00e3o da doen\u00e7a &#8211; Laiany Alves\/Governo do Tocantins.<\/p>\n\n\n\n<figure class=\"wp-block-image\"><img src=\"https:\/\/central.to.gov.br\/image\/287321?w=670&amp;h=383\" alt=\"\"\/><\/figure>\n\n\n\n<p>Secret\u00e1rio da Sa\u00fade, Afonso Piva, espera que toda a popula\u00e7\u00e3o esteja protegida com a vacina &#8211; Mariana Ferreira\/Governo do Tocantins\n\n<\/p>\n","protected":false},"excerpt":{"rendered":"<p>O Estado do Tocantins registra redu\u00e7\u00e3o de 91,7% no n\u00famero de casos confirmados da covid-19 em 2022. A mesma tend\u00eancia de queda tamb\u00e9m foi registrada no n\u00famero de \u00f3bitos, com redu\u00e7\u00e3o de 86,9% no primeiro trimestre deste ano. J\u00e1 as interna\u00e7\u00f5es tiveram uma redu\u00e7\u00e3o de 72,6%. Os dados s\u00e3o do Centro de Informa\u00e7\u00f5es Estrat\u00e9gicas em [&hellip;]<\/p>\n","protected":false},"author":2,"featured_media":11005,"comment_status":"open","ping_status":"open","sticky":false,"template":"","format":"standard","meta":[],"categories":[3],"tags":[13],"_links":{"self":[{"href":"https:\/\/dgospel.com.br\/portal\/index.php\/wp-json\/wp\/v2\/posts\/11004"}],"collection":[{"href":"https:\/\/dgospel.com.br\/portal\/index.php\/wp-json\/wp\/v2\/posts"}],"about":[{"href":"https:\/\/dgospel.com.br\/portal\/index.php\/wp-json\/wp\/v2\/types\/post"}],"author":[{"embeddable":true,"href":"https:\/\/dgospel.com.br\/portal\/index.php\/wp-json\/wp\/v2\/users\/2"}],"replies":[{"embeddable":true,"href":"https:\/\/dgospel.com.br\/portal\/index.php\/wp-json\/wp\/v2\/comments?post=11004"}],"version-history":[{"count":1,"href":"https:\/\/dgospel.com.br\/portal\/index.php\/wp-json\/wp\/v2\/posts\/11004\/revisions"}],"predecessor-version":[{"id":11006,"href":"https:\/\/dgospel.com.br\/portal\/index.php\/wp-json\/wp\/v2\/posts\/11004\/revisions\/11006"}],"wp:featuredmedia":[{"embeddable":true,"href":"https:\/\/dgospel.com.br\/portal\/index.php\/wp-json\/wp\/v2\/media\/11005"}],"wp:attachment":[{"href":"https:\/\/dgospel.com.br\/portal\/index.php\/wp-json\/wp\/v2\/media?parent=11004"}],"wp:term":[{"taxonomy":"category","embeddable":true,"href":"https:\/\/dgospel.com.br\/portal\/index.php\/wp-json\/wp\/v2\/categories?post=11004"},{"taxonomy":"post_tag","embeddable":true,"href":"https:\/\/dgospel.com.br\/portal\/index.php\/wp-json\/wp\/v2\/tags?post=11004"}],"curies":[{"name":"wp","href":"https:\/\/api.w.org\/{rel}","templated":true}]}}