{"id":1101,"date":"2018-08-24T09:56:28","date_gmt":"2018-08-24T12:56:28","guid":{"rendered":"http:\/\/dgospel.com.br\/portal\/?p=1101"},"modified":"2018-08-24T09:56:28","modified_gmt":"2018-08-24T12:56:28","slug":"comemoracao-dos-70-anos-de-miracema-tera-shows-de-matos-nascimento","status":"publish","type":"post","link":"https:\/\/dgospel.com.br\/portal\/index.php\/2018\/08\/24\/comemoracao-dos-70-anos-de-miracema-tera-shows-de-matos-nascimento\/","title":{"rendered":"Comemora\u00e7\u00e3o dos 70 anos de Miracema ter\u00e1 shows de Matos Nascimento"},"content":{"rendered":"<p>A prefeitura de Miracema do Tocantins decidiu comemorar os 70 anos da cidade com uma programa\u00e7\u00e3o especial. O festejo inicia nesta sexta-feira, 24, com a inaugura\u00e7\u00e3o da\u00a0 pavimenta\u00e7\u00e3o asf\u00e1ltica do setor Santa Filomena, \u00e0s 18 horas. J\u00e1 \u00e0s 19h30, em comemora\u00e7\u00e3o ao Dia do Evang\u00e9lico, acontecem shows com os artistas locais Fernando Gomes e Banda Kair\u00f3s, e nacional, com Matos Nascimento, na rua Bernardino Abreu, esquina com Avenida Tocantins.<\/p>\n<p>No s\u00e1bado, 25, haver\u00e1 o\u00a02\u00ba Passeio Cicl\u00edstico, em comemora\u00e7\u00e3o ao Dia do Ciclista, \u00e0s 7 horas, com sa\u00edda do ponto de apoio, percorrendo o setor Olaria, estrada da Provid\u00eancia e chegada na Ponte dos Bi\u00e9s, com sorteio de duas bicicletas e brindes. \u00c0s 9 horas, ser\u00e1 realizada a solenidade de inaugura\u00e7\u00e3o da ponte do Bi\u00e9s, com participa\u00e7\u00e3o do Tiro de Guerra, que far\u00e1 homenagem ao Dia do Soldado.<\/p>\n<p>Para encerar as comemora\u00e7\u00f5es, \u00e0s 12 horas\u00a0de s\u00e1bado ser\u00e1 oferecido \u00e0 popula\u00e7\u00e3o um churrasco ao lado da Ponte dos Galv\u00f5es, seguido de solenidade de inaugura\u00e7\u00e3o da ponte e show com Os Negros e T\u00e9o Santana, o cantor da\u00a0<em>Gueri Gueri<\/em>.\u00a0<em>(Com informa\u00e7\u00f5es da Assessoria de Imprensa)<\/em><\/p>\n<p>&nbsp;<\/p>\n","protected":false},"excerpt":{"rendered":"<p>A prefeitura de Miracema do Tocantins decidiu comemorar os 70 anos da cidade com uma programa\u00e7\u00e3o especial. O festejo inicia nesta sexta-feira, 24, com a inaugura\u00e7\u00e3o da\u00a0 pavimenta\u00e7\u00e3o asf\u00e1ltica do setor Santa Filomena, \u00e0s 18 horas. J\u00e1 \u00e0s 19h30, em comemora\u00e7\u00e3o ao Dia do Evang\u00e9lico, acontecem shows com os artistas locais Fernando Gomes e Banda [&hellip;]<\/p>\n","protected":false},"author":2,"featured_media":1102,"comment_status":"open","ping_status":"open","sticky":false,"template":"","format":"standard","meta":[],"categories":[2,5],"tags":[],"_links":{"self":[{"href":"https:\/\/dgospel.com.br\/portal\/index.php\/wp-json\/wp\/v2\/posts\/1101"}],"collection":[{"href":"https:\/\/dgospel.com.br\/portal\/index.php\/wp-json\/wp\/v2\/posts"}],"about":[{"href":"https:\/\/dgospel.com.br\/portal\/index.php\/wp-json\/wp\/v2\/types\/post"}],"author":[{"embeddable":true,"href":"https:\/\/dgospel.com.br\/portal\/index.php\/wp-json\/wp\/v2\/users\/2"}],"replies":[{"embeddable":true,"href":"https:\/\/dgospel.com.br\/portal\/index.php\/wp-json\/wp\/v2\/comments?post=1101"}],"version-history":[{"count":1,"href":"https:\/\/dgospel.com.br\/portal\/index.php\/wp-json\/wp\/v2\/posts\/1101\/revisions"}],"predecessor-version":[{"id":1103,"href":"https:\/\/dgospel.com.br\/portal\/index.php\/wp-json\/wp\/v2\/posts\/1101\/revisions\/1103"}],"wp:featuredmedia":[{"embeddable":true,"href":"https:\/\/dgospel.com.br\/portal\/index.php\/wp-json\/wp\/v2\/media\/1102"}],"wp:attachment":[{"href":"https:\/\/dgospel.com.br\/portal\/index.php\/wp-json\/wp\/v2\/media?parent=1101"}],"wp:term":[{"taxonomy":"category","embeddable":true,"href":"https:\/\/dgospel.com.br\/portal\/index.php\/wp-json\/wp\/v2\/categories?post=1101"},{"taxonomy":"post_tag","embeddable":true,"href":"https:\/\/dgospel.com.br\/portal\/index.php\/wp-json\/wp\/v2\/tags?post=1101"}],"curies":[{"name":"wp","href":"https:\/\/api.w.org\/{rel}","templated":true}]}}