{"id":11014,"date":"2022-04-12T17:05:31","date_gmt":"2022-04-12T20:05:31","guid":{"rendered":"http:\/\/dgospel.com.br\/portal\/?p=11014"},"modified":"2022-04-12T17:05:33","modified_gmt":"2022-04-12T20:05:33","slug":"governador-wanderlei-barbosa-recepciona-mais-de-200-novos-policiais-penais-e-agentes-socioeducativos-empossados","status":"publish","type":"post","link":"https:\/\/dgospel.com.br\/portal\/index.php\/2022\/04\/12\/governador-wanderlei-barbosa-recepciona-mais-de-200-novos-policiais-penais-e-agentes-socioeducativos-empossados\/","title":{"rendered":"Governador Wanderlei Barbosa recepciona mais de 200 novos policiais penais e agentes socioeducativos empossados"},"content":{"rendered":"\n<p>\u201cNos sabemos da import\u00e2ncia desse momento. Agora, voc\u00eas est\u00e3o seguros e empossados, servidores do Estado, e n\u00f3s confiamos em voc\u00eas. Parabenizo e desejo sucesso na nova miss\u00e3o de proteger a sociedade do nosso Estado\u201d. Foi com esse caloroso discurso que o governador do Tocantins, Wanderlei Barbosa, recepcionou nesta ter\u00e7a-feira, 12, os novos policiais penais e agentes do sistema socioeducativo, cujo ato de nomea\u00e7\u00e3o foi publicado no dia 1\u00b0 de abril.<\/p>\n\n\n\n<p>Na cerim\u00f4nia, que ocorreu no audit\u00f3rio do Pal\u00e1cio Araguaia, o Governador recebeu oficialmente 156 policiais penais e 60 agentes do sistema socioeducativo, totalizando 216 novos concursados, aprovados no \u00faltimo concurso realizado em 2014, para os cargos da Secretaria de Estado da Cidadania e Justi\u00e7a (Seciju).<\/p>\n\n\n\n<p>O secret\u00e1rio da pasta, Deusiano Amorim, comentou o quanto isso representa para o Estado, uma vez que a seguran\u00e7a p\u00fablica \u00e9 uma pauta importante para a sociedade. \u201cO momento \u00e9 de extrema import\u00e2ncia e representa uma seguran\u00e7a para a popula\u00e7\u00e3o. Agradecemos ao Governador pelo apoio \u00e0 categoria, esperamos agora contribuir e retribuir mostrando \u00e0 popula\u00e7\u00e3o do Tocantins que nossa pol\u00edcia penal est\u00e1 forte e o sistema socioeducativo est\u00e1 realizando um trabalho de qualidade\u201d, refor\u00e7a o titular da Seciju.&nbsp;<\/p>\n\n\n\n<p>No ano em que o concurso foi realizado, Jayne de Barros tinha 19 anos, depois de quase oito anos de espera, a mais nova agente do sistema socioeducativo s\u00f3 tem motivos para comemorar. \u201c\u00c9 um momento de grande felicidade e expectativa, j\u00e1 que todos n\u00f3s esperamos por bastante tempo e, hoje, \u00e9 como se fosse a cereja do bolo, concretizando esse sonho\u201d, afirmou entusiasmada.<\/p>\n\n\n\n<p>Os aprovados j\u00e1 haviam feito o Curso de Forma\u00e7\u00e3o e aguardavam ser chamados para ocupar os devidos cargos. A partir de hoje, os novos empossados j\u00e1 v\u00e3o poder atuar na \u00e1rea, o que gera muita expectativa para quem n\u00e3o v\u00ea a hora de colocar o trabalho em pr\u00e1tica, pelo menos \u00e9 o que afirma a policial penal Caroline Soalleiro. \u201cN\u00f3s, que estamos chegando agora, queremos entrar no sistema para acrescentar e estamos abertos para exercer a fun\u00e7\u00e3o da melhor maneira\u201d, comemorou.&nbsp;<\/p>\n\n\n\n<p>A jovem de 28 anos, Brunna Nilo, tamb\u00e9m \u00e9 s\u00f3 felicidade. Ela n\u00e3o v\u00ea a hora de trabalhar no sistema socioeducativo, momento t\u00e3o aguardado. \u201cAgora, \u00e9 s\u00f3 gratid\u00e3o, depois de tudo que a gente passou, sofreu durante esses anos de espera, passamos pelo Curso de Forma\u00e7\u00e3o e agora agradecemos por estar assumindo esse concurso. Vamos colocar em pr\u00e1tica tudo que aprendemos e fomos capacitados e, podendo contribuir com o sistema socioeducativo, creio que faremos a diferen\u00e7a\u201d, afirmou Brunna.&nbsp;<\/p>\n\n\n\n<p>O agente socioeducativo Eduardo Fontoura n\u00e3o escondeu a emo\u00e7\u00e3o e a felicidade em assumir um cargo que tanto sonhava. \u201cNo dia 1\u00b0 de abril, o Governador n\u00e3o assinou simplesmente o ato de posse, ele&nbsp;assinou a transforma\u00e7\u00e3o da vida de pessoas. Isso muda a vida de fam\u00edlias que estavam esperando por muito tempo esse momento\u201d, comentou emocionado.<\/p>\n\n\n\n<p><strong>Nomea\u00e7\u00e3o<\/strong><\/p>\n\n\n\n<p>Na sexta-feira, 1\u00b0 de abril, o Governador assinou ato de nomea\u00e7\u00e3o dos novos servidores. A assinatura ocorreu no Pal\u00e1cio Araguaia e foi publicada no mesmo dia no Di\u00e1rio Oficial do Estado (DOE).&nbsp;<\/p>\n\n\n\n<p>Na cerim\u00f4nia de apresenta\u00e7\u00e3o, Wanderlei refor\u00e7ou a import\u00e2ncia de empossar os servidores, principalmente para atender a demanda da seguran\u00e7a p\u00fablica no Tocantins e afirmou ainda que pretende chamar mais candidatos assim que necess\u00e1rio. \u201cN\u00f3s pretendemos chamar todos. Eu j\u00e1 determinei ao secret\u00e1rio que observasse aqueles que faltaram, j\u00e1 que \u00e9 a Secretaria que faz o chamamento. N\u00f3s queremos que todos sejam chamados, eles s\u00e3o concursados, fizeram o curso e est\u00e3o aptos\u201d, afirma o Governador.&nbsp;<\/p>\n\n\n\n<p>Estiveram na cerim\u00f4nia, secret\u00e1rios do Estado; o presidente da Assembleia Legislativa, deputado Antonio Andrade; o deputado federal, Osires Damaso; prefeitos e vereadores; representantes dos sindicatos da Pol\u00edcia Penal e dos Agentes Socioeducativos e o presidente da Associa\u00e7\u00e3o Comercial e Industrial de Palmas&nbsp; (Acipa), Joseph Madeira.<\/p>\n\n\n\n<figure class=\"wp-block-image\"><img src=\"https:\/\/central.to.gov.br\/image\/287437?w=670&amp;h=383\" alt=\"\"\/><\/figure>\n\n\n\n<p>Eduardo Fontoura destacou que a decis\u00e3o do Governador em dar posse aos candidatos que h\u00e1 muito esperavam significa mudan\u00e7a de vida para muitas fam\u00edlias &#8211; Antonio Gon\u00e7alves\/Governo do Tocantins.<\/p>\n\n\n\n<figure class=\"wp-block-image\"><img src=\"https:\/\/central.to.gov.br\/image\/287420?w=670&amp;h=383\" alt=\"\"\/><\/figure>\n\n\n\n<p>Governador Wanderlei Barbosa recepciona mais de 200 novos policiais penais e agentes socioeducativos empossados &#8211; Antonio Gon\u00e7alves\/Governo do Tocantins;<\/p>\n\n\n\n<figure class=\"wp-block-image\"><img src=\"https:\/\/central.to.gov.br\/image\/287417?w=670&amp;h=383\" alt=\"\"\/><\/figure>\n\n\n\n<p>Carolina considera que os novos empossados t\u00eam muito a contribuir com a seguran\u00e7a p\u00fablica do Estado &#8211; Antonio Gon\u00e7alves\/Governo do Tocantins.<\/p>\n\n\n\n<figure class=\"wp-block-image\"><img src=\"https:\/\/central.to.gov.br\/image\/287418?w=670&amp;h=383\" alt=\"\"\/><\/figure>\n\n\n\n<p>Bruna acredita que, ap\u00f3s o curso de forma\u00e7\u00e3o, os novos empossados est\u00e3o preparados para exercer suas fun\u00e7\u00f5es &#8211; Antonio Gon\u00e7alves\/Governo do Tocantins.<\/p>\n\n\n\n<figure class=\"wp-block-image\"><img src=\"https:\/\/central.to.gov.br\/image\/287419?w=670&amp;h=383\" alt=\"\"\/><\/figure>\n\n\n\n<p>Jayne de Barros est\u00e1 ansiosa para come\u00e7ar a atuar no sistema socioeducativo &#8211; Antonio Gon\u00e7alves\/Governo do Tocantins\n\n<\/p>\n","protected":false},"excerpt":{"rendered":"<p>\u201cNos sabemos da import\u00e2ncia desse momento. Agora, voc\u00eas est\u00e3o seguros e empossados, servidores do Estado, e n\u00f3s confiamos em voc\u00eas. Parabenizo e desejo sucesso na nova miss\u00e3o de proteger a sociedade do nosso Estado\u201d. Foi com esse caloroso discurso que o governador do Tocantins, Wanderlei Barbosa, recepcionou nesta ter\u00e7a-feira, 12, os novos policiais penais e [&hellip;]<\/p>\n","protected":false},"author":2,"featured_media":11015,"comment_status":"open","ping_status":"open","sticky":false,"template":"","format":"standard","meta":[],"categories":[3],"tags":[13],"_links":{"self":[{"href":"https:\/\/dgospel.com.br\/portal\/index.php\/wp-json\/wp\/v2\/posts\/11014"}],"collection":[{"href":"https:\/\/dgospel.com.br\/portal\/index.php\/wp-json\/wp\/v2\/posts"}],"about":[{"href":"https:\/\/dgospel.com.br\/portal\/index.php\/wp-json\/wp\/v2\/types\/post"}],"author":[{"embeddable":true,"href":"https:\/\/dgospel.com.br\/portal\/index.php\/wp-json\/wp\/v2\/users\/2"}],"replies":[{"embeddable":true,"href":"https:\/\/dgospel.com.br\/portal\/index.php\/wp-json\/wp\/v2\/comments?post=11014"}],"version-history":[{"count":1,"href":"https:\/\/dgospel.com.br\/portal\/index.php\/wp-json\/wp\/v2\/posts\/11014\/revisions"}],"predecessor-version":[{"id":11016,"href":"https:\/\/dgospel.com.br\/portal\/index.php\/wp-json\/wp\/v2\/posts\/11014\/revisions\/11016"}],"wp:featuredmedia":[{"embeddable":true,"href":"https:\/\/dgospel.com.br\/portal\/index.php\/wp-json\/wp\/v2\/media\/11015"}],"wp:attachment":[{"href":"https:\/\/dgospel.com.br\/portal\/index.php\/wp-json\/wp\/v2\/media?parent=11014"}],"wp:term":[{"taxonomy":"category","embeddable":true,"href":"https:\/\/dgospel.com.br\/portal\/index.php\/wp-json\/wp\/v2\/categories?post=11014"},{"taxonomy":"post_tag","embeddable":true,"href":"https:\/\/dgospel.com.br\/portal\/index.php\/wp-json\/wp\/v2\/tags?post=11014"}],"curies":[{"name":"wp","href":"https:\/\/api.w.org\/{rel}","templated":true}]}}