{"id":11023,"date":"2022-04-14T20:59:27","date_gmt":"2022-04-14T23:59:27","guid":{"rendered":"http:\/\/dgospel.com.br\/portal\/?p=11023"},"modified":"2022-04-14T20:59:28","modified_gmt":"2022-04-14T23:59:28","slug":"lula-eu-falei-para-o-alckmin-nao-sei-se-a-gente-vai-ganhar","status":"publish","type":"post","link":"https:\/\/dgospel.com.br\/portal\/index.php\/2022\/04\/14\/lula-eu-falei-para-o-alckmin-nao-sei-se-a-gente-vai-ganhar\/","title":{"rendered":"Lula: \u201cEu falei para o Alckmin: n\u00e3o sei se a gente vai ganhar\u201d"},"content":{"rendered":"\n<p>Ao chegar em um evento com sindicalistas em S\u00e3o Paulo, nesta quinta-feira (14), o ex-presidente Luiz In\u00e1cio Lula da Silva (PT) teve \u201cd\u00favidas\u201d sobre sua vit\u00f3ria nas elei\u00e7\u00f5es presidenciais deste ano. Ao menos foi o que o petista revelou ao final do seu discurso. No entanto, as palavras de Geraldo Alckmin (PSB) o encorajaram.<\/p>\n\n\n\n<p>\u2013 Meus queridos companheiros e companheiras, olha, eu saio daqui\u2026eu entrei com d\u00favida. Eu falei para o Alckmin: \u201cAlckmin, a elei\u00e7\u00e3o vai ser dif\u00edcil, eu n\u00e3o sei se a gente vai ganhar\u201d. Mas agora eu saio daqui com a certeza de que n\u00f3s vamos voltar a governar este pa\u00eds em 2023 \u2013 declarou.<\/p>\n\n\n\n<p>Geraldo Alckmin j\u00e1 come\u00e7ou a participar da agenda pol\u00edtica de Lula, um dia ap\u00f3s ser aprovado pelo PT para ser candidato a vice do petista. Em seu discurso para militantes, no evento desta quarta-feira, o ex-governador de S\u00e3o Paulo chamou Lula de \u201cmaior l\u00edder popular deste pa\u00eds\u201d, al\u00e9m de classificar o dia como hist\u00f3rico.<\/p>\n\n\n\n<p>\u2013 N\u00f3s estamos em um dia hist\u00f3rico. Re\u00fanem-se as maiores centrais sindicais do Brasil, de todo o pa\u00eds. \u00c9 um exemplo, e nos remete \u00e0 nossa hist\u00f3ria. Que quando todas as vezes que o Brasil estava em risco, o povo brasileiro, o Brasil se uniu, n\u00e3o se apequenou \u2013 afirmou o ex-tucano.<\/p>\n","protected":false},"excerpt":{"rendered":"<p>Ao chegar em um evento com sindicalistas em S\u00e3o Paulo, nesta quinta-feira (14), o ex-presidente Luiz In\u00e1cio Lula da Silva (PT) teve \u201cd\u00favidas\u201d sobre sua vit\u00f3ria nas elei\u00e7\u00f5es presidenciais deste ano. Ao menos foi o que o petista revelou ao final do seu discurso. No entanto, as palavras de Geraldo Alckmin (PSB) o encorajaram. \u2013 [&hellip;]<\/p>\n","protected":false},"author":2,"featured_media":11024,"comment_status":"open","ping_status":"open","sticky":false,"template":"","format":"standard","meta":[],"categories":[4],"tags":[14],"_links":{"self":[{"href":"https:\/\/dgospel.com.br\/portal\/index.php\/wp-json\/wp\/v2\/posts\/11023"}],"collection":[{"href":"https:\/\/dgospel.com.br\/portal\/index.php\/wp-json\/wp\/v2\/posts"}],"about":[{"href":"https:\/\/dgospel.com.br\/portal\/index.php\/wp-json\/wp\/v2\/types\/post"}],"author":[{"embeddable":true,"href":"https:\/\/dgospel.com.br\/portal\/index.php\/wp-json\/wp\/v2\/users\/2"}],"replies":[{"embeddable":true,"href":"https:\/\/dgospel.com.br\/portal\/index.php\/wp-json\/wp\/v2\/comments?post=11023"}],"version-history":[{"count":1,"href":"https:\/\/dgospel.com.br\/portal\/index.php\/wp-json\/wp\/v2\/posts\/11023\/revisions"}],"predecessor-version":[{"id":11025,"href":"https:\/\/dgospel.com.br\/portal\/index.php\/wp-json\/wp\/v2\/posts\/11023\/revisions\/11025"}],"wp:featuredmedia":[{"embeddable":true,"href":"https:\/\/dgospel.com.br\/portal\/index.php\/wp-json\/wp\/v2\/media\/11024"}],"wp:attachment":[{"href":"https:\/\/dgospel.com.br\/portal\/index.php\/wp-json\/wp\/v2\/media?parent=11023"}],"wp:term":[{"taxonomy":"category","embeddable":true,"href":"https:\/\/dgospel.com.br\/portal\/index.php\/wp-json\/wp\/v2\/categories?post=11023"},{"taxonomy":"post_tag","embeddable":true,"href":"https:\/\/dgospel.com.br\/portal\/index.php\/wp-json\/wp\/v2\/tags?post=11023"}],"curies":[{"name":"wp","href":"https:\/\/api.w.org\/{rel}","templated":true}]}}