{"id":11026,"date":"2022-04-14T21:36:09","date_gmt":"2022-04-15T00:36:09","guid":{"rendered":"http:\/\/dgospel.com.br\/portal\/?p=11026"},"modified":"2022-04-14T21:36:11","modified_gmt":"2022-04-15T00:36:11","slug":"wanderlei-barbosa-recebe-embaixador-do-ira-e-destaca-capacidade-do-tocantins-para-fortalecer-exportacoes","status":"publish","type":"post","link":"https:\/\/dgospel.com.br\/portal\/index.php\/2022\/04\/14\/wanderlei-barbosa-recebe-embaixador-do-ira-e-destaca-capacidade-do-tocantins-para-fortalecer-exportacoes\/","title":{"rendered":"Wanderlei Barbosa recebe embaixador do Ir\u00e3 e destaca capacidade do Tocantins para fortalecer exporta\u00e7\u00f5es"},"content":{"rendered":"\n<p>O governador do Estado do Tocantins, Wanderlei Barbosa, recebeu na tarde desta quarta-feira, 13, na Sala de Reuni\u00f5es do Pal\u00e1cio Araguaia, o embaixador do Ir\u00e3, Hossein Gharibi, e o segundo secret\u00e1rio da embaixada, Mortela Kadkhodaei. O encontro contou com a presen\u00e7a da presidente da Comiss\u00e3o de Rela\u00e7\u00f5es Internacionais do Senado, a senadora K\u00e1tia Abreu, al\u00e9m de empres\u00e1rios e representantes do setor produtivo tocantinense. O objetivo foi estreitar as rela\u00e7\u00f5es comerciais entre o Tocantins e o Ir\u00e3. Na oportunidade foram apresentados v\u00eddeos com as potencialidades do Estado, a log\u00edstica e o potencial h\u00eddrico da regi\u00e3o.<\/p>\n\n\n\n<p>Durante a reuni\u00e3o, o Governador destacou o potencial do agroneg\u00f3cio no Estado e a necessidade de estabelecer uma rela\u00e7\u00e3o comercial para promover o crescimento econ\u00f4mico. \u201cEsperamos que essa visita fortale\u00e7a a nossa capacidade de exporta\u00e7\u00e3o e que possamos buscar produtos l\u00e1 fora para melhorar os nossos neg\u00f3cios\u201d, ressaltou.<\/p>\n\n\n\n<p>Wanderlei Barbosa citou a implanta\u00e7\u00e3o de um polo de fertilizantes em Palmeirante e as iniciativas do Governo do Estado para revitalizar os parques industriais e atrair novas empresas. O Governador afirmou ainda, que considera a rela\u00e7\u00e3o bilateral com o Ir\u00e3 muito vantajosa para todos os envolvidos e que o Tocantins tem uma demanda muito grande por insumos para produzir alimentos.<\/p>\n\n\n\n<p>O embaixador Hossein Gharibi destacou o interesse do seu pa\u00eds em aumentar a rela\u00e7\u00e3o comercial com o Brasil e o Tocantins. Ele explicou que o Ir\u00e3 \u00e9 um grande exportador de fertilizantes e um grande importador de produtos agropecu\u00e1rios brasileiros. \u201cDe 2009 para c\u00e1 passamos a exportar ureia para o Brasil e podemos aumentar a nossa capacidade de exporta\u00e7\u00e3o. Tamb\u00e9m temos outras \u00e1reas de interesse e em nossa rela\u00e7\u00e3o comercial, podemos vender o fertilizante e receber soja. O Tocantins conta com uma boa infraestrutura e espero fazer boas parcerias juntos\u201d, afirmou.<\/p>\n\n\n\n<p><strong>Fertilizantes<\/strong><\/p>\n\n\n\n<p>Durante a reuni\u00e3o, o diretor-presidente da Companhia Operadora Portu\u00e1ria de Itaqui, Guilherme Eloy, apresentou o Projeto Integra\u00e7\u00e3o Arco Norte, que est\u00e1 sendo implantado em Palmeirante e ter\u00e1 capacidade para armazenar inicialmente 60 milh\u00f5es de toneladas de fertilizantes, podendo ser ampliado para at\u00e9 120 milh\u00f5es de toneladas. De acordo com o empres\u00e1rio, o local vai funcionar como uma distribuidora de fertilizantes para todo o Matopiba e o Mato Grosso.&nbsp;<\/p>\n\n\n\n<p>O secret\u00e1rio de Estado da Agricultura, Jaime Caf\u00e9, disse que o governador Wanderlei Barbosa deu um passo importante na rela\u00e7\u00e3o bilateral com o Ir\u00e3, que conta com alguns produtos essenciais para o desenvolvimento da cadeia produtiva do Tocantins, como nitrog\u00eanio e f\u00f3sforo. \u201cNessa reuni\u00e3o foi poss\u00edvel saber o que eles t\u00eam a nos oferecer e o que eles esperam receber de n\u00f3s, como prote\u00edna animal e soja, milho. S\u00e3o 80 milh\u00f5es de consumidores que a gente pode, por meio do Porto de Itaqui, que tem uma log\u00edstica muito boa, fazer essa distribui\u00e7\u00e3o dando muito mais competitividade ao nosso produtor, que pode pagar menos pelos insumos que precisam para produzir e vender a produ\u00e7\u00e3o por um pre\u00e7o muito melhor\u201d, explicou.<\/p>\n\n\n\n<p>O titular da pasta da Ind\u00fastria, Com\u00e9rcio e Servi\u00e7os, Carlos Humberto Lima, tamb\u00e9m classificou a reuni\u00e3o como positiva. \u201cO embaixador est\u00e1 \u00e1vido para concretizar bons neg\u00f3cios com o Tocantins. Temos a carne, a soja e outros&nbsp;<em>commodities<\/em>&nbsp;para oferecer e temos interesse nos fertilizantes produzidos por eles\u201d, frisou.<\/p>\n\n\n\n<p>&nbsp;<strong>Presen\u00e7as<\/strong><\/p>\n\n\n\n<p>Al\u00e9m de secret\u00e1rios de Estado, tamb\u00e9m participaram da reuni\u00e3o a gerente Comercial da VLI, Juliana Telles; o presidente do Sindicato e Organiza\u00e7\u00e3o das Cooperativas Brasileiras no Estado do Tocantins, Ricardo Khouri; o representante da Fr\u00edsia, Nevair Mattos; o propriet\u00e1rio da empresa Fazend\u00e3o, Volney Aquino; o diretor da EMAP, Marcelo Coelho; o presidente da Cooperfrigo, Oswaldo Stival; e o presidente Executivo do Sindicarnes, Gilson Cabral.<\/p>\n\n\n\n<figure class=\"wp-block-image\"><img src=\"https:\/\/central.to.gov.br\/image\/287631?w=670&amp;h=383\" alt=\"\"\/><\/figure>\n\n\n\n<p>Durante a reuni\u00e3o, o Governador destacou o potencial do agroneg\u00f3cio no Estado e a necessidade de estabelecer uma rela\u00e7\u00e3o comercial para promover o crescimento econ\u00f4mico &#8211; Esequias Ara\u00fajo\/Governo do Tocantins.<\/p>\n\n\n\n<figure class=\"wp-block-image\"><img src=\"https:\/\/central.to.gov.br\/image\/287632?w=670&amp;h=383\" alt=\"\"\/><\/figure>\n\n\n\n<p>O embaixador Hossein Gharibi destacou o interesse do seu pa\u00eds em aumentar a rela\u00e7\u00e3o comercial com o Brasil e o Tocantins &#8211; Esequias Ara\u00fajo\/Governo do Tocantins.<\/p>\n\n\n\n<figure class=\"wp-block-image\"><img src=\"https:\/\/central.to.gov.br\/image\/287633?w=670&amp;h=383\" alt=\"\"\/><\/figure>\n\n\n\n<p>Na oportunidade foram apresentados v\u00eddeos com as potencialidades do Estado, a log\u00edstica e o potencial h\u00eddrico da regi\u00e3o &#8211; Esequias Ara\u00fajo\/Governo do Tocantins.<\/p>\n\n\n\n<figure class=\"wp-block-image\"><img src=\"https:\/\/central.to.gov.br\/image\/287635?w=670&amp;h=383\" alt=\"\"\/><\/figure>\n\n\n\n<p>O encontro contou com a presen\u00e7a da presidente da Comiss\u00e3o de Rela\u00e7\u00f5es Internacionais do Senado, a senadora K\u00e1tia Abreu, al\u00e9m de empres\u00e1rios e representantes do setor produtivo tocantinense &#8211; Esequias Ara\u00fajo\/Governo do Tocantins.<\/p>\n\n\n\n<figure class=\"wp-block-image\"><img src=\"https:\/\/central.to.gov.br\/image\/287634?w=670&amp;h=383\" alt=\"\"\/><\/figure>\n\n\n\n<p>O Governador afirmou ainda, que considera a rela\u00e7\u00e3o bilateral com o Ir\u00e3 muito vantajosa para todos os envolvidos e que o Tocantins tem uma demanda muito grande por insumos para produzir alimentos &#8211; Esequias Ara\u00fajo\/Governo do Tocantins&nbsp;\n\n<\/p>\n","protected":false},"excerpt":{"rendered":"<p>O governador do Estado do Tocantins, Wanderlei Barbosa, recebeu na tarde desta quarta-feira, 13, na Sala de Reuni\u00f5es do Pal\u00e1cio Araguaia, o embaixador do Ir\u00e3, Hossein Gharibi, e o segundo secret\u00e1rio da embaixada, Mortela Kadkhodaei. O encontro contou com a presen\u00e7a da presidente da Comiss\u00e3o de Rela\u00e7\u00f5es Internacionais do Senado, a senadora K\u00e1tia Abreu, al\u00e9m [&hellip;]<\/p>\n","protected":false},"author":2,"featured_media":11028,"comment_status":"open","ping_status":"open","sticky":false,"template":"","format":"standard","meta":[],"categories":[3],"tags":[13],"_links":{"self":[{"href":"https:\/\/dgospel.com.br\/portal\/index.php\/wp-json\/wp\/v2\/posts\/11026"}],"collection":[{"href":"https:\/\/dgospel.com.br\/portal\/index.php\/wp-json\/wp\/v2\/posts"}],"about":[{"href":"https:\/\/dgospel.com.br\/portal\/index.php\/wp-json\/wp\/v2\/types\/post"}],"author":[{"embeddable":true,"href":"https:\/\/dgospel.com.br\/portal\/index.php\/wp-json\/wp\/v2\/users\/2"}],"replies":[{"embeddable":true,"href":"https:\/\/dgospel.com.br\/portal\/index.php\/wp-json\/wp\/v2\/comments?post=11026"}],"version-history":[{"count":1,"href":"https:\/\/dgospel.com.br\/portal\/index.php\/wp-json\/wp\/v2\/posts\/11026\/revisions"}],"predecessor-version":[{"id":11029,"href":"https:\/\/dgospel.com.br\/portal\/index.php\/wp-json\/wp\/v2\/posts\/11026\/revisions\/11029"}],"wp:featuredmedia":[{"embeddable":true,"href":"https:\/\/dgospel.com.br\/portal\/index.php\/wp-json\/wp\/v2\/media\/11028"}],"wp:attachment":[{"href":"https:\/\/dgospel.com.br\/portal\/index.php\/wp-json\/wp\/v2\/media?parent=11026"}],"wp:term":[{"taxonomy":"category","embeddable":true,"href":"https:\/\/dgospel.com.br\/portal\/index.php\/wp-json\/wp\/v2\/categories?post=11026"},{"taxonomy":"post_tag","embeddable":true,"href":"https:\/\/dgospel.com.br\/portal\/index.php\/wp-json\/wp\/v2\/tags?post=11026"}],"curies":[{"name":"wp","href":"https:\/\/api.w.org\/{rel}","templated":true}]}}