{"id":11036,"date":"2022-04-14T22:06:50","date_gmt":"2022-04-15T01:06:50","guid":{"rendered":"http:\/\/dgospel.com.br\/portal\/?p=11036"},"modified":"2022-04-14T22:06:51","modified_gmt":"2022-04-15T01:06:51","slug":"magno-malta-vence-acao-judicial-movida-por-xuxa-apos-criticas-a-livro-lgbt-infantil","status":"publish","type":"post","link":"https:\/\/dgospel.com.br\/portal\/index.php\/2022\/04\/14\/magno-malta-vence-acao-judicial-movida-por-xuxa-apos-criticas-a-livro-lgbt-infantil\/","title":{"rendered":"Magno Malta vence a\u00e7\u00e3o judicial movida por Xuxa ap\u00f3s cr\u00edticas a livro LGBT infantil"},"content":{"rendered":"\n<p> O ex-senador Magno Malta venceu\u00a0<a href=\"https:\/\/noticias.gospelmais.com.br\/processo-xuxa-200-mil-malafaia-avanca-146015.html\">uma a\u00e7\u00e3o judicial<\/a>\u00a0movida pela apresentadora Xuxa Meneghel contra ele. A iniciativa da mulher que ficou conhecida no pa\u00eds como a \u201crainha dos baixinhos\u201d foi uma rea\u00e7\u00e3o \u00e0s cr\u00edticas do ex-parlamentar a um livro da sua autoria com tem\u00e1tica LGBT+, voltado ao p\u00fablico infantil. <\/p>\n\n\n\n<p>O livro intitulado \u201cMaya: Beb\u00ea Arco-\u00cdris\u201d, provocou cr\u00edticas de boa parte da sociedade na \u00e9poca em que foi anunciado por Xuxa, sendo Magno Malta uma das personalidades p\u00fablicas que se manifestaram contra o seu conte\u00fado.<\/p>\n\n\n\n<p>\u201cDeus criou macho e f\u00eamea, e isso n\u00e3o \u00e9 religi\u00e3o, \u00e9 ci\u00eancia. E crian\u00e7a tem que ser respeitada. \u00c9 hora de nos juntarmos e levantar a nossa com essa hist\u00f3ria que eu acho t\u00e3o esdr\u00faxula e indigna, sem respeitar o psicol\u00f3gico, emocional e moral da crian\u00e7a\u201d, afirmou Malta na \u00e9poca.<\/p>\n\n\n\n<p>Por causa dessa declara\u00e7\u00e3o cr\u00edtica em refer\u00eancia ao livro, Xuxa alegou ter se sentido ofendida, motivo pelo qual processou o ex-senador. O juiz respons\u00e1vel pela causa, no entanto, entendeu que Magno Malta n\u00e3o cometeu qualquer tipo de crime.<\/p>\n\n\n\n<p>O juiz Th\u00e9o Assuar Gragnano explicou que o ex-senador n\u00e3o extrapolou a sua liberdade de express\u00e3o, visto que n\u00e3o ofendeu \u00e0 pessoa de Xuxa, fazendo uma cr\u00edtica apenas ao material liter\u00e1rio, conforme a sua pr\u00f3pria consci\u00eancia.<\/p>\n\n\n\n<p>\u201cA refer\u00eancia \u00e0 futura obra liter\u00e1ria da autora, feita pelo r\u00e9u, n\u00e3o desbordou do regular exerc\u00edcio da liberdade de express\u00e3o\u201d, disse o magistrado, afastando do processo outras poss\u00edveis firma\u00e7\u00f5es de Magno Malta, em refer\u00eancia a um pol\u00eamico filme antigo feito por Xuxa, onde ela aparece em uma cena de sexo com um adolescente de 12 anos.<\/p>\n\n\n\n<p>\u201cN\u00e3o est\u00e1 claro se a autora incluiu na causa de pedir a afirma\u00e7\u00e3o, feita pelo r\u00e9u, de que ela \u2018foi para a cama num filme com um garotinho pequenininho\u2019. A esse prop\u00f3sito, a autora limita-se a enfatizar o enredo do filme\u201d, disse o juiz.<\/p>\n\n\n\n<p>Ainda assim, Gragnano tamb\u00e9m fez quest\u00e3o de frisar, que, mesmo fazendo uma associa\u00e7\u00e3o do caso atual (a publica\u00e7\u00e3o do livro) com o antigo filme feito por Xuxa, chamado Amor Estranho Amor (1982), a fim de fazer um julgamento moral sobre a apresentadora em rela\u00e7\u00e3o \u00e0 tem\u00e1tica infantil, Magno Malta tamb\u00e9m n\u00e3o cometeu crime, dado \u00e0 veracidade do fato.<\/p>\n\n\n\n<p>\u201cDe toda sorte, o coment\u00e1rio do r\u00e9u, tamb\u00e9m nesse ponto, n\u00e3o caracteriza il\u00edcita viola\u00e7\u00e3o \u00e0 honra da demandante, pois, embora superficial a alus\u00e3o, feita com o aparente prop\u00f3sito de colocar em d\u00favida a qualifica\u00e7\u00e3o da autora para defender os direitos da crian\u00e7a e do adolescente, cuida-se de fato que realmente integra a sua biografia\u201d, concluiu o juiz.<\/p>\n\n\n\n<p>A decis\u00e3o, contudo, foi dada em 1\u00b0 inst\u00e2ncia, podendo ainda haver desdobramentos em cortes superiores. Com informa\u00e7\u00f5es do&nbsp;<a href=\"https:\/\/noticiasdatv.uol.com.br\/noticia\/celebridades\/xuxa-meneghel-perde-acao-contra-pastor-que-criticou-livro-infantil-lgbtqia-dela-78668\">Not\u00edcias da TV<\/a>.<\/p>\n","protected":false},"excerpt":{"rendered":"<p>O ex-senador Magno Malta venceu\u00a0uma a\u00e7\u00e3o judicial\u00a0movida pela apresentadora Xuxa Meneghel contra ele. A iniciativa da mulher que ficou conhecida no pa\u00eds como a \u201crainha dos baixinhos\u201d foi uma rea\u00e7\u00e3o \u00e0s cr\u00edticas do ex-parlamentar a um livro da sua autoria com tem\u00e1tica LGBT+, voltado ao p\u00fablico infantil. O livro intitulado \u201cMaya: Beb\u00ea Arco-\u00cdris\u201d, provocou cr\u00edticas [&hellip;]<\/p>\n","protected":false},"author":2,"featured_media":11037,"comment_status":"open","ping_status":"open","sticky":false,"template":"","format":"standard","meta":[],"categories":[4],"tags":[],"_links":{"self":[{"href":"https:\/\/dgospel.com.br\/portal\/index.php\/wp-json\/wp\/v2\/posts\/11036"}],"collection":[{"href":"https:\/\/dgospel.com.br\/portal\/index.php\/wp-json\/wp\/v2\/posts"}],"about":[{"href":"https:\/\/dgospel.com.br\/portal\/index.php\/wp-json\/wp\/v2\/types\/post"}],"author":[{"embeddable":true,"href":"https:\/\/dgospel.com.br\/portal\/index.php\/wp-json\/wp\/v2\/users\/2"}],"replies":[{"embeddable":true,"href":"https:\/\/dgospel.com.br\/portal\/index.php\/wp-json\/wp\/v2\/comments?post=11036"}],"version-history":[{"count":1,"href":"https:\/\/dgospel.com.br\/portal\/index.php\/wp-json\/wp\/v2\/posts\/11036\/revisions"}],"predecessor-version":[{"id":11038,"href":"https:\/\/dgospel.com.br\/portal\/index.php\/wp-json\/wp\/v2\/posts\/11036\/revisions\/11038"}],"wp:featuredmedia":[{"embeddable":true,"href":"https:\/\/dgospel.com.br\/portal\/index.php\/wp-json\/wp\/v2\/media\/11037"}],"wp:attachment":[{"href":"https:\/\/dgospel.com.br\/portal\/index.php\/wp-json\/wp\/v2\/media?parent=11036"}],"wp:term":[{"taxonomy":"category","embeddable":true,"href":"https:\/\/dgospel.com.br\/portal\/index.php\/wp-json\/wp\/v2\/categories?post=11036"},{"taxonomy":"post_tag","embeddable":true,"href":"https:\/\/dgospel.com.br\/portal\/index.php\/wp-json\/wp\/v2\/tags?post=11036"}],"curies":[{"name":"wp","href":"https:\/\/api.w.org\/{rel}","templated":true}]}}