{"id":11039,"date":"2022-04-18T10:33:56","date_gmt":"2022-04-18T13:33:56","guid":{"rendered":"http:\/\/dgospel.com.br\/portal\/?p=11039"},"modified":"2022-04-18T10:33:57","modified_gmt":"2022-04-18T13:33:57","slug":"queiroga-anuncia-fim-do-estado-de-emergencia-sanitaria-da-covid-19","status":"publish","type":"post","link":"https:\/\/dgospel.com.br\/portal\/index.php\/2022\/04\/18\/queiroga-anuncia-fim-do-estado-de-emergencia-sanitaria-da-covid-19\/","title":{"rendered":"Queiroga anuncia fim do estado de emerg\u00eancia sanit\u00e1ria da Covid-19"},"content":{"rendered":"\n<p>Em pronunciamento de r\u00e1dio e TV feito neste domingo (17), o ministro da Sa\u00fade, Marcelo Queiroga, anunciou que o governo ir\u00e1 editar, nos pr\u00f3ximos dias, um ato normativo para encerrar a Emerg\u00eancia em Sa\u00fade P\u00fablica de Import\u00e2ncia Nacional, a Espin. A medida foi adotada em virtude da pandemia de Covid-19.<\/p>\n\n\n\n<p>Queiroga falou sobre a melhora no cen\u00e1rio epidemiol\u00f3gico, mas garantiu que o ato n\u00e3o significa o fim da doen\u00e7a.<\/p>\n\n\n\n<p>\u2013 Gra\u00e7as a melhora do cen\u00e1rio epidemiol\u00f3gico, a ampla cobertura vacinal da popula\u00e7\u00e3o e a capacidade de assist\u00eancia do SUS [Sistema \u00danico de Sa\u00fade], temos hoje condi\u00e7\u00f5es de anunciar o fim da Emerg\u00eancia em Sa\u00fade P\u00fablica de Import\u00e2ncia Nacional, a Espin. Nos pr\u00f3ximos dias, ser\u00e1 editado um ato normativo disciplinando a decis\u00e3o \u2013 declarou.<\/p>\n\n\n\n<p>E completou:<\/p>\n\n\n\n<p>\u2013 Essa medida, no entanto, n\u00e3o significa o fim da Covid-19. Continuaremos a conviver com o v\u00edrus \u2013 destacou.<\/p>\n\n\n\n<figure class=\"wp-block-embed-twitter wp-block-embed is-type-rich is-provider-twitter\"><div class=\"wp-block-embed__wrapper\">\n<blockquote class=\"twitter-tweet\" data-width=\"550\" data-dnt=\"true\"><p lang=\"pt\" dir=\"ltr\">\ud83c\udde7\ud83c\uddf7 Pronunciamento do ministro da Sa\u00fade, Marcelo Queiroga. Confira \u25b6\ufe0f <a href=\"https:\/\/t.co\/1LtsClWkGa\">pic.twitter.com\/1LtsClWkGa<\/a><\/p>&mdash; Minist\u00e9rio da Sa\u00fade (@minsaude) <a href=\"https:\/\/twitter.com\/minsaude\/status\/1515844519748640768?ref_src=twsrc%5Etfw\">April 18, 2022<\/a><\/blockquote><script async src=\"https:\/\/platform.twitter.com\/widgets.js\" charset=\"utf-8\"><\/script>\n<\/div><\/figure>\n","protected":false},"excerpt":{"rendered":"<p>Em pronunciamento de r\u00e1dio e TV feito neste domingo (17), o ministro da Sa\u00fade, Marcelo Queiroga, anunciou que o governo ir\u00e1 editar, nos pr\u00f3ximos dias, um ato normativo para encerrar a Emerg\u00eancia em Sa\u00fade P\u00fablica de Import\u00e2ncia Nacional, a Espin. A medida foi adotada em virtude da pandemia de Covid-19. Queiroga falou sobre a melhora [&hellip;]<\/p>\n","protected":false},"author":2,"featured_media":11040,"comment_status":"open","ping_status":"open","sticky":false,"template":"","format":"standard","meta":[],"categories":[4],"tags":[14],"_links":{"self":[{"href":"https:\/\/dgospel.com.br\/portal\/index.php\/wp-json\/wp\/v2\/posts\/11039"}],"collection":[{"href":"https:\/\/dgospel.com.br\/portal\/index.php\/wp-json\/wp\/v2\/posts"}],"about":[{"href":"https:\/\/dgospel.com.br\/portal\/index.php\/wp-json\/wp\/v2\/types\/post"}],"author":[{"embeddable":true,"href":"https:\/\/dgospel.com.br\/portal\/index.php\/wp-json\/wp\/v2\/users\/2"}],"replies":[{"embeddable":true,"href":"https:\/\/dgospel.com.br\/portal\/index.php\/wp-json\/wp\/v2\/comments?post=11039"}],"version-history":[{"count":1,"href":"https:\/\/dgospel.com.br\/portal\/index.php\/wp-json\/wp\/v2\/posts\/11039\/revisions"}],"predecessor-version":[{"id":11041,"href":"https:\/\/dgospel.com.br\/portal\/index.php\/wp-json\/wp\/v2\/posts\/11039\/revisions\/11041"}],"wp:featuredmedia":[{"embeddable":true,"href":"https:\/\/dgospel.com.br\/portal\/index.php\/wp-json\/wp\/v2\/media\/11040"}],"wp:attachment":[{"href":"https:\/\/dgospel.com.br\/portal\/index.php\/wp-json\/wp\/v2\/media?parent=11039"}],"wp:term":[{"taxonomy":"category","embeddable":true,"href":"https:\/\/dgospel.com.br\/portal\/index.php\/wp-json\/wp\/v2\/categories?post=11039"},{"taxonomy":"post_tag","embeddable":true,"href":"https:\/\/dgospel.com.br\/portal\/index.php\/wp-json\/wp\/v2\/tags?post=11039"}],"curies":[{"name":"wp","href":"https:\/\/api.w.org\/{rel}","templated":true}]}}