{"id":11042,"date":"2022-04-18T23:35:41","date_gmt":"2022-04-19T02:35:41","guid":{"rendered":"http:\/\/dgospel.com.br\/portal\/?p=11042"},"modified":"2022-04-18T23:35:42","modified_gmt":"2022-04-19T02:35:42","slug":"governo-do-tocantins-forma-45-bombeiros-militares-que-concluiram-o-curso-de-formacao-em-administracao","status":"publish","type":"post","link":"https:\/\/dgospel.com.br\/portal\/index.php\/2022\/04\/18\/governo-do-tocantins-forma-45-bombeiros-militares-que-concluiram-o-curso-de-formacao-em-administracao\/","title":{"rendered":"Governo do Tocantins forma 45 bombeiros militares que conclu\u00edram o Curso de Forma\u00e7\u00e3o em Administra\u00e7\u00e3o"},"content":{"rendered":"\n<p>&nbsp;cerim\u00f4nia de formatura dos bombeiros militares que participaram do Curso de Habilita\u00e7\u00e3o de Oficiais da Administra\u00e7\u00e3o (CHOA). O evento ocorrer\u00e1 nesta quarta-feira, 20, no estacionamento da sede do Quartel do Comando Geral do Corpo de Bombeiros Militar (QCG), em Palmas, a partir das 8 horas.<\/p>\n\n\n\n<p>O curso teve in\u00edcio em novembro do ano passado, ap\u00f3s os interessados na gradua\u00e7\u00e3o participarem de um concurso interno, concorrendo \u00e0s vagas abertas pelo Comando Geral. Agora, ap\u00f3s a conclus\u00e3o, os militares com as melhores notas podem escolher em qual Batalh\u00e3o ou Companhia v\u00e3o querer atuar.<\/p>\n\n\n\n<p>Durante a cerim\u00f4nia, haver\u00e1 ainda a Condecora\u00e7\u00e3o da Medalha do Bombeiro Pioneiro. A cerim\u00f4nia \u00e9 aberta para fam\u00edlia, amigos, convidados e demais interessados.<\/p>\n\n\n\n<figure class=\"wp-block-image\"><img src=\"https:\/\/central.to.gov.br\/image\/287746?w=670&amp;h=383\" alt=\"\"\/><\/figure>\n\n\n\n<p>Cerim\u00f4nia de formatura dos bombeiros militares ocorre nesta quarta-feira, 20 &#8211; Luiz Henrique Machado\/Governo do Tocantins\n\n<\/p>\n","protected":false},"excerpt":{"rendered":"<p>&nbsp;cerim\u00f4nia de formatura dos bombeiros militares que participaram do Curso de Habilita\u00e7\u00e3o de Oficiais da Administra\u00e7\u00e3o (CHOA). O evento ocorrer\u00e1 nesta quarta-feira, 20, no estacionamento da sede do Quartel do Comando Geral do Corpo de Bombeiros Militar (QCG), em Palmas, a partir das 8 horas. O curso teve in\u00edcio em novembro do ano passado, ap\u00f3s [&hellip;]<\/p>\n","protected":false},"author":2,"featured_media":11043,"comment_status":"open","ping_status":"open","sticky":false,"template":"","format":"standard","meta":[],"categories":[3],"tags":[13],"_links":{"self":[{"href":"https:\/\/dgospel.com.br\/portal\/index.php\/wp-json\/wp\/v2\/posts\/11042"}],"collection":[{"href":"https:\/\/dgospel.com.br\/portal\/index.php\/wp-json\/wp\/v2\/posts"}],"about":[{"href":"https:\/\/dgospel.com.br\/portal\/index.php\/wp-json\/wp\/v2\/types\/post"}],"author":[{"embeddable":true,"href":"https:\/\/dgospel.com.br\/portal\/index.php\/wp-json\/wp\/v2\/users\/2"}],"replies":[{"embeddable":true,"href":"https:\/\/dgospel.com.br\/portal\/index.php\/wp-json\/wp\/v2\/comments?post=11042"}],"version-history":[{"count":1,"href":"https:\/\/dgospel.com.br\/portal\/index.php\/wp-json\/wp\/v2\/posts\/11042\/revisions"}],"predecessor-version":[{"id":11044,"href":"https:\/\/dgospel.com.br\/portal\/index.php\/wp-json\/wp\/v2\/posts\/11042\/revisions\/11044"}],"wp:featuredmedia":[{"embeddable":true,"href":"https:\/\/dgospel.com.br\/portal\/index.php\/wp-json\/wp\/v2\/media\/11043"}],"wp:attachment":[{"href":"https:\/\/dgospel.com.br\/portal\/index.php\/wp-json\/wp\/v2\/media?parent=11042"}],"wp:term":[{"taxonomy":"category","embeddable":true,"href":"https:\/\/dgospel.com.br\/portal\/index.php\/wp-json\/wp\/v2\/categories?post=11042"},{"taxonomy":"post_tag","embeddable":true,"href":"https:\/\/dgospel.com.br\/portal\/index.php\/wp-json\/wp\/v2\/tags?post=11042"}],"curies":[{"name":"wp","href":"https:\/\/api.w.org\/{rel}","templated":true}]}}