{"id":11045,"date":"2022-04-18T23:37:22","date_gmt":"2022-04-19T02:37:22","guid":{"rendered":"http:\/\/dgospel.com.br\/portal\/?p=11045"},"modified":"2022-04-18T23:37:23","modified_gmt":"2022-04-19T02:37:23","slug":"governo-do-tocantins-amplia-leitos-de-utis-convencionais-em-palmas-e-araguaina","status":"publish","type":"post","link":"https:\/\/dgospel.com.br\/portal\/index.php\/2022\/04\/18\/governo-do-tocantins-amplia-leitos-de-utis-convencionais-em-palmas-e-araguaina\/","title":{"rendered":"Governo do Tocantins amplia leitos de UTIs convencionais em Palmas e Aragua\u00edna"},"content":{"rendered":"\n<p>O Governo do Tocantins colocou em opera\u00e7\u00e3o e aptos a receber pacientes, mais 21 leitos gerais, de Unidade de Tratamento Intensiva (UTI) adulto, tipo II, destinados aos pacientes cadastrados pela Central Estadual de Regula\u00e7\u00e3o do Estado. As unidades est\u00e3o instaladas em Palmas (11) e em Aragua\u00edna (10).<\/p>\n\n\n\n<p>O governador Wanderlei Barbosa destacou a atua\u00e7\u00e3o da gest\u00e3o estadual no processo. \u201cSempre determinamos que a gest\u00e3o da SES [Secretaria de Estado da Sa\u00fade] trabalhe incansavelmente em prol de ampliar os atendimentos necess\u00e1rios \u00e0 nossa popula\u00e7\u00e3o. Somos um dos estados da Federa\u00e7\u00e3o que mais investem em sa\u00fade p\u00fablica, sendo refer\u00eancia para regi\u00e3o Norte e iremos buscar mais. Nosso objetivo \u00e9 seguir levando uma sa\u00fade de qualidade ao povo tocantinense\u201d, afirmou o governador.<\/p>\n\n\n\n<p>Segundo o secret\u00e1rio de Estado da Sa\u00fade, Afonso Piva de Santana, \u201cde forma planejada e transparente, toda equipe da Secretaria de Sa\u00fade est\u00e1 empenhada em buscar melhorias na oferta dos servi\u00e7os p\u00fablicos de sa\u00fade. A cada dia, fazemos um trabalho para otimizar os recursos e ampliar os atendimentos\u201d, afirmou, acrescentando que, aos poucos, os leitos de UTI Covid-19 v\u00e3o sendo transformados em convencionais.<\/p>\n\n\n\n<p>A rede de atendimento intensivo, convencional, do Estado passa a contar com 103 leitos de UTI adulto ativos e 77 leitos de UTI pedi\u00e1tricos e neonatais.<\/p>\n\n\n\n<p><strong>UTI pedi\u00e1trica<\/strong><\/p>\n\n\n\n<p>A Secretaria de Estado da Sa\u00fade (SES-TO) abriu vagas para contratar pediatras,&nbsp;com o objetivo de abrir mais 10 leitos de UTI pedi\u00e1tricas, no Hospital Geral de Palmas (HGP). &#8220;J\u00e1 contamos com 10 destes leitos na unidade e dispomos de equipamentos e estrutura f\u00edsica, por isso, precisamos com urg\u00eancia contratar estes profissionais e, assim, atender a demanda existente&#8221;, pontuou o Afonso Piva.<\/p>\n\n\n\n<figure class=\"wp-block-image\"><img src=\"https:\/\/central.to.gov.br\/image\/287714?w=670&amp;h=383\" alt=\"\"\/><\/figure>\n\n\n\n<p>Governador Wanderlei Barbosa falou sobre a atua\u00e7\u00e3o da gest\u00e3o estadual &#8211; Esequias Ara\u00fajo\/Governo do Tocantins&nbsp;<a href=\"https:\/\/central.to.gov.br\/image\/287714?f=1\" target=\"_blank\" rel=\"noreferrer noopener\"><em>f<\/em><\/a><\/p>\n","protected":false},"excerpt":{"rendered":"<p>O Governo do Tocantins colocou em opera\u00e7\u00e3o e aptos a receber pacientes, mais 21 leitos gerais, de Unidade de Tratamento Intensiva (UTI) adulto, tipo II, destinados aos pacientes cadastrados pela Central Estadual de Regula\u00e7\u00e3o do Estado. As unidades est\u00e3o instaladas em Palmas (11) e em Aragua\u00edna (10). O governador Wanderlei Barbosa destacou a atua\u00e7\u00e3o da [&hellip;]<\/p>\n","protected":false},"author":2,"featured_media":11046,"comment_status":"open","ping_status":"open","sticky":false,"template":"","format":"standard","meta":[],"categories":[3],"tags":[13],"_links":{"self":[{"href":"https:\/\/dgospel.com.br\/portal\/index.php\/wp-json\/wp\/v2\/posts\/11045"}],"collection":[{"href":"https:\/\/dgospel.com.br\/portal\/index.php\/wp-json\/wp\/v2\/posts"}],"about":[{"href":"https:\/\/dgospel.com.br\/portal\/index.php\/wp-json\/wp\/v2\/types\/post"}],"author":[{"embeddable":true,"href":"https:\/\/dgospel.com.br\/portal\/index.php\/wp-json\/wp\/v2\/users\/2"}],"replies":[{"embeddable":true,"href":"https:\/\/dgospel.com.br\/portal\/index.php\/wp-json\/wp\/v2\/comments?post=11045"}],"version-history":[{"count":1,"href":"https:\/\/dgospel.com.br\/portal\/index.php\/wp-json\/wp\/v2\/posts\/11045\/revisions"}],"predecessor-version":[{"id":11047,"href":"https:\/\/dgospel.com.br\/portal\/index.php\/wp-json\/wp\/v2\/posts\/11045\/revisions\/11047"}],"wp:featuredmedia":[{"embeddable":true,"href":"https:\/\/dgospel.com.br\/portal\/index.php\/wp-json\/wp\/v2\/media\/11046"}],"wp:attachment":[{"href":"https:\/\/dgospel.com.br\/portal\/index.php\/wp-json\/wp\/v2\/media?parent=11045"}],"wp:term":[{"taxonomy":"category","embeddable":true,"href":"https:\/\/dgospel.com.br\/portal\/index.php\/wp-json\/wp\/v2\/categories?post=11045"},{"taxonomy":"post_tag","embeddable":true,"href":"https:\/\/dgospel.com.br\/portal\/index.php\/wp-json\/wp\/v2\/tags?post=11045"}],"curies":[{"name":"wp","href":"https:\/\/api.w.org\/{rel}","templated":true}]}}