{"id":11055,"date":"2022-04-21T00:24:44","date_gmt":"2022-04-21T03:24:44","guid":{"rendered":"http:\/\/dgospel.com.br\/portal\/?p=11055"},"modified":"2022-04-21T00:24:45","modified_gmt":"2022-04-21T03:24:45","slug":"rubens-uchoa-homenageia-ad-ciadseta-campo-aureny-iv-durante-sessao-solene-na-camara-municipal-de-palmas","status":"publish","type":"post","link":"https:\/\/dgospel.com.br\/portal\/index.php\/2022\/04\/21\/rubens-uchoa-homenageia-ad-ciadseta-campo-aureny-iv-durante-sessao-solene-na-camara-municipal-de-palmas\/","title":{"rendered":"Rubens Uch\u00f4a homenageia AD CIADSETA Campo Aureny IV durante Sess\u00e3o Solene na C\u00e2mara Municipal de Palmas"},"content":{"rendered":"\n<p>A C\u00e2mara Municipal de Palmas realizou na manh\u00e3 desta quarta-feira, 20, Sess\u00e3o Solene em homenagem \u00e0s Igrejas pelos servi\u00e7os prestados durante a pandemia. O requerimento \u00e9 do vereador Daniel Nascimento (Republicanos).<\/p>\n\n\n\n<p><\/p>\n\n\n\n<figure class=\"wp-block-image\"><img loading=\"lazy\" width=\"1024\" height=\"678\" src=\"http:\/\/dgospel.com.br\/portal\/wp-content\/uploads\/2022\/04\/00000000000-2-1024x678.jpg\" alt=\"\" class=\"wp-image-11057\" srcset=\"https:\/\/dgospel.com.br\/portal\/wp-content\/uploads\/2022\/04\/00000000000-2-1024x678.jpg 1024w, https:\/\/dgospel.com.br\/portal\/wp-content\/uploads\/2022\/04\/00000000000-2-300x199.jpg 300w, https:\/\/dgospel.com.br\/portal\/wp-content\/uploads\/2022\/04\/00000000000-2-768x509.jpg 768w, https:\/\/dgospel.com.br\/portal\/wp-content\/uploads\/2022\/04\/00000000000-2-120x78.jpg 120w, https:\/\/dgospel.com.br\/portal\/wp-content\/uploads\/2022\/04\/00000000000-2.jpg 1848w\" sizes=\"(max-width: 1024px) 100vw, 1024px\" \/><\/figure>\n\n\n\n<p>Na oportunidade o vice-presidente da C\u00e2mara Municipal, vereador Rubens Uch\u00f4a homenageou a Assembleia de Deus CIADSETA, campo Aureny IV (AD4), pelos relevantes servi\u00e7os prestados \u00e0 comunidade dura a pandemia da Covid19. O certificado de reconhecimento foi entregue ao pastor Josivan Gomes, presidente da Igreja. \u201cDurante a pandemia, num momento de crise e incerteza, a igreja prestou um servi\u00e7o extraordin\u00e1rio de assist\u00eancia social, emocional e espiritual. Hoje essa Casa de Leis est\u00e1 reconhecendo esse brilhante trabalho das igrejas e seus l\u00edderes\u201d, disse Uch\u00f4a.<\/p>\n\n\n\n<p><\/p>\n\n\n\n<figure class=\"wp-block-image\"><img loading=\"lazy\" width=\"681\" height=\"1024\" src=\"http:\/\/dgospel.com.br\/portal\/wp-content\/uploads\/2022\/04\/000000000000-681x1024.jpg\" alt=\"\" class=\"wp-image-11061\" srcset=\"https:\/\/dgospel.com.br\/portal\/wp-content\/uploads\/2022\/04\/000000000000-681x1024.jpg 681w, https:\/\/dgospel.com.br\/portal\/wp-content\/uploads\/2022\/04\/000000000000-200x300.jpg 200w, https:\/\/dgospel.com.br\/portal\/wp-content\/uploads\/2022\/04\/000000000000-768x1155.jpg 768w, https:\/\/dgospel.com.br\/portal\/wp-content\/uploads\/2022\/04\/000000000000.jpg 1224w\" sizes=\"(max-width: 681px) 100vw, 681px\" \/><\/figure>\n\n\n\n<p>De acordo com o pastor Josivan Gomes, durante a pandemia da COVID 19, a igreja Assembleia de Deus CIADSETA Campo Aureny IV, promoveu arrecada\u00e7\u00e3o de doa\u00e7\u00f5es, ofertas, e outras a\u00e7\u00f5es de cidadania promovendo ajuda e alento para diversas fam\u00edlias que passaram por dificuldades, devido as situa\u00e7\u00f5es adversas causadas pela pandemia. <\/p>\n\n\n\n<p><\/p>\n\n\n\n<figure class=\"wp-block-image\"><img loading=\"lazy\" width=\"1024\" height=\"678\" src=\"http:\/\/dgospel.com.br\/portal\/wp-content\/uploads\/2022\/04\/00000000-1-1024x678.jpg\" alt=\"\" class=\"wp-image-11059\" srcset=\"https:\/\/dgospel.com.br\/portal\/wp-content\/uploads\/2022\/04\/00000000-1-1024x678.jpg 1024w, https:\/\/dgospel.com.br\/portal\/wp-content\/uploads\/2022\/04\/00000000-1-300x199.jpg 300w, https:\/\/dgospel.com.br\/portal\/wp-content\/uploads\/2022\/04\/00000000-1-768x509.jpg 768w, https:\/\/dgospel.com.br\/portal\/wp-content\/uploads\/2022\/04\/00000000-1-120x78.jpg 120w, https:\/\/dgospel.com.br\/portal\/wp-content\/uploads\/2022\/04\/00000000-1.jpg 1848w\" sizes=\"(max-width: 1024px) 100vw, 1024px\" \/><\/figure>\n\n\n\n<p>\u201cAo mesmo tempo que a igreja cuidava da assist\u00eancia social,\ntamb\u00e9m cuidava do espiritual. Mesmo n\u00e3o podendo realizar reuni\u00f5es presenciais,\na igreja levava uma palavra de esperan\u00e7a atrav\u00e9s das plataformas digitais e,\nmanteve as portas abertas para receber pessoas individualmente, respeitando\ntodos os protocolos sanit\u00e1rios, que estavam precisando de uma ora\u00e7\u00e3o, de uma\npalavra. Pessoas ansiosas, depressivas, desesperadas que procuravam a igreja,\nsempre recebiam uma palavra de f\u00e9 e esperan\u00e7a\u201d, disse o pastor Josivan Gomes.<\/p>\n\n\n\n<p>Durante a Sess\u00e3o Solene, o vereador, Pr. Daniel Nascimento, explicou o que motivou o requerimento para realiza\u00e7\u00e3o da Sess\u00e3o Solene. \u201cDurante a pandemia ficou mais do que o provado a import\u00e2ncia do trabalho das igrejas. As igrejas n\u00e3o pararam, pelo contr\u00e1rio, multiplicaram seu trabalho, a assist\u00eancia, o atendimento social.\u00a0 Vimos muitas pessoas desesperadas sem saber o que iria acontecer, ningu\u00e9m sabia o que estava por vir, e nessa hora as igrejas estavam ali, com teu trabalho social, com atendimento espiritual, aconselhando, acalmando, orientando as pessoas\u201d, comentou.<\/p>\n\n\n\n<p><\/p>\n\n\n\n<figure class=\"wp-block-image\"><img loading=\"lazy\" width=\"1024\" height=\"678\" src=\"http:\/\/dgospel.com.br\/portal\/wp-content\/uploads\/2022\/04\/000000000-3-1024x678.jpg\" alt=\"\" class=\"wp-image-11060\" srcset=\"https:\/\/dgospel.com.br\/portal\/wp-content\/uploads\/2022\/04\/000000000-3-1024x678.jpg 1024w, https:\/\/dgospel.com.br\/portal\/wp-content\/uploads\/2022\/04\/000000000-3-300x199.jpg 300w, https:\/\/dgospel.com.br\/portal\/wp-content\/uploads\/2022\/04\/000000000-3-768x509.jpg 768w, https:\/\/dgospel.com.br\/portal\/wp-content\/uploads\/2022\/04\/000000000-3-120x78.jpg 120w, https:\/\/dgospel.com.br\/portal\/wp-content\/uploads\/2022\/04\/000000000-3.jpg 1848w\" sizes=\"(max-width: 1024px) 100vw, 1024px\" \/><\/figure>\n\n\n\n<p><strong>Como\nde costume, cada vereador indicou um homenageado, sendo eles:<\/strong><\/p>\n\n\n\n<p>Prof\u00aa. Janad Valcari homenageou a Igreja Videira de Palmas<\/p>\n\n\n\n<p>Daniel Nascimento homenageou a Igreja Universal do Reino de\nDeus<\/p>\n\n\n\n<p>Solange Duailibe homenageou a Igreja Apost\u00f3lica Amor e Vida\n&nbsp;&nbsp;&nbsp;&nbsp;&nbsp;&nbsp;&nbsp;&nbsp;&nbsp;&nbsp;&nbsp;&nbsp;&nbsp;<\/p>\n\n\n\n<p>Laudecy Coimbra homenageou a Comunidade Cat\u00f3lica Sementes\ndo Verbo&nbsp;&nbsp;&nbsp;&nbsp;<\/p>\n\n\n\n<p>Marilon Barbosa homenageou a Primeira Igreja Batista de\nTaquaru\u00e7u<\/p>\n\n\n\n<p>M\u00e1rcio Reis homenageou a Igreja Minist\u00e9rio Cristo Vive<\/p>\n\n\n\n<p>Prof\u00aa. Iolanda Castro homenageou a &nbsp;&nbsp;&nbsp;\nIgreja Casa da B\u00ean\u00e7\u00e3o\n&nbsp;&nbsp;&nbsp;&nbsp;&nbsp;&nbsp;&nbsp;&nbsp;&nbsp;&nbsp;&nbsp;&nbsp;&nbsp;&nbsp;&nbsp;&nbsp;&nbsp;<\/p>\n\n\n\n<p>Folha&nbsp;&nbsp;&nbsp;&nbsp; homenageou a Igreja\nAssembl\u00e9ia de Deus Minist\u00e9rio Miss\u00e3o em Tocantins\n&nbsp;&nbsp;&nbsp;&nbsp;&nbsp;<\/p>\n\n\n\n<p>J\u00fanior Bras\u00e3o homenageou o&nbsp;&nbsp;&nbsp; Minist\u00e9rio\nCelestial Chure&nbsp;&nbsp;&nbsp;&nbsp;&nbsp;&nbsp;&nbsp;&nbsp;&nbsp;&nbsp;<\/p>\n\n\n\n<p>Moisemar Marinho homenageou a Igreja Internacional da Gra\u00e7a\nde Deus&nbsp;&nbsp;&nbsp;&nbsp;&nbsp;&nbsp;&nbsp;&nbsp;<\/p>\n\n\n\n<p>Waldson da Agesp homenageou a Igreja Batista Livre Renovada\ndo Brasil &nbsp;&nbsp;&nbsp;&nbsp;&nbsp;&nbsp;&nbsp;&nbsp;<\/p>\n\n\n\n<p>Filipe Martins homenageou a Igreja de Jesus Cristo dos\nSantos dos \u00daltimos\ndias&nbsp;&nbsp;&nbsp;&nbsp;&nbsp;&nbsp;&nbsp;&nbsp;&nbsp;&nbsp;&nbsp;&nbsp;<\/p>\n\n\n\n<p>Joatan&nbsp; homenageou a Igreja Cat\u00f3lica Apost\u00f3lica Romana\n&#8211; Arquidiocese de Palmas &nbsp;&nbsp;&nbsp;<\/p>\n\n\n\n<p>Rog\u00e9rio Freitas homenageou a Igreja de Cristo &#8211; Minist\u00e9rio\nApost\u00f3lico Nova\nTerra-MANT&nbsp;&nbsp;&nbsp;&nbsp;&nbsp;&nbsp;&nbsp;&nbsp;&nbsp;<\/p>\n\n\n\n<p>Mauro Lacerda homenageou o Centro Juvenil Salesiano Dom\nBosco &nbsp;&nbsp;&nbsp;<\/p>\n\n\n\n<p>Jucelino Rodrigues homenageou a Par\u00f3quia S\u00e3o Lu\u00eds\nOrione&nbsp;&nbsp;&nbsp;&nbsp;<\/p>\n\n\n\n<p>Eudes Assis homenageou a Assembleia de Deus Miss\u00e3o \u2013\nProjeto Restaurando Vidas<\/p>\n\n\n\n<p>Rubens Uch\u00f4a homenageou a Assembl\u00e9ia de Deus \u2013 Ciadseta\nAD4&nbsp;&nbsp;&nbsp;&nbsp;&nbsp;&nbsp;<\/p>\n","protected":false},"excerpt":{"rendered":"<p>A C\u00e2mara Municipal de Palmas realizou na manh\u00e3 desta quarta-feira, 20, Sess\u00e3o Solene em homenagem \u00e0s Igrejas pelos servi\u00e7os prestados durante a pandemia. O requerimento \u00e9 do vereador Daniel Nascimento (Republicanos). Na oportunidade o vice-presidente da C\u00e2mara Municipal, vereador Rubens Uch\u00f4a homenageou a Assembleia de Deus CIADSETA, campo Aureny IV (AD4), pelos relevantes servi\u00e7os prestados [&hellip;]<\/p>\n","protected":false},"author":2,"featured_media":11056,"comment_status":"open","ping_status":"open","sticky":false,"template":"","format":"standard","meta":[],"categories":[8],"tags":[13],"_links":{"self":[{"href":"https:\/\/dgospel.com.br\/portal\/index.php\/wp-json\/wp\/v2\/posts\/11055"}],"collection":[{"href":"https:\/\/dgospel.com.br\/portal\/index.php\/wp-json\/wp\/v2\/posts"}],"about":[{"href":"https:\/\/dgospel.com.br\/portal\/index.php\/wp-json\/wp\/v2\/types\/post"}],"author":[{"embeddable":true,"href":"https:\/\/dgospel.com.br\/portal\/index.php\/wp-json\/wp\/v2\/users\/2"}],"replies":[{"embeddable":true,"href":"https:\/\/dgospel.com.br\/portal\/index.php\/wp-json\/wp\/v2\/comments?post=11055"}],"version-history":[{"count":1,"href":"https:\/\/dgospel.com.br\/portal\/index.php\/wp-json\/wp\/v2\/posts\/11055\/revisions"}],"predecessor-version":[{"id":11062,"href":"https:\/\/dgospel.com.br\/portal\/index.php\/wp-json\/wp\/v2\/posts\/11055\/revisions\/11062"}],"wp:featuredmedia":[{"embeddable":true,"href":"https:\/\/dgospel.com.br\/portal\/index.php\/wp-json\/wp\/v2\/media\/11056"}],"wp:attachment":[{"href":"https:\/\/dgospel.com.br\/portal\/index.php\/wp-json\/wp\/v2\/media?parent=11055"}],"wp:term":[{"taxonomy":"category","embeddable":true,"href":"https:\/\/dgospel.com.br\/portal\/index.php\/wp-json\/wp\/v2\/categories?post=11055"},{"taxonomy":"post_tag","embeddable":true,"href":"https:\/\/dgospel.com.br\/portal\/index.php\/wp-json\/wp\/v2\/tags?post=11055"}],"curies":[{"name":"wp","href":"https:\/\/api.w.org\/{rel}","templated":true}]}}