{"id":11063,"date":"2022-04-21T10:19:51","date_gmt":"2022-04-21T13:19:51","guid":{"rendered":"http:\/\/dgospel.com.br\/portal\/?p=11063"},"modified":"2022-04-21T10:31:32","modified_gmt":"2022-04-21T13:31:32","slug":"deputado-eli-borges-emite-nota-de-pesar-pelo-falecimento-do-pastor-jose-cavalcante","status":"publish","type":"post","link":"https:\/\/dgospel.com.br\/portal\/index.php\/2022\/04\/21\/deputado-eli-borges-emite-nota-de-pesar-pelo-falecimento-do-pastor-jose-cavalcante\/","title":{"rendered":"Deputado Eli Borges emite nota de pesar pelo falecimento do pastor Jos\u00e9 Cavalcante"},"content":{"rendered":"\n<p><em>Faleceu nesta segunda-feira, 18, aos 76 anos de idade na capital Palmas, o pastor Jos\u00e9 Cavalcante, um dos pioneiros das Igrejas Assembleias de Deus \u2013 da Conven\u00e7\u00e3o  CiadSeta.<\/em><\/p>\n\n\n\n<p>Pastor Jos\u00e9 Cavalcante estava\ninternado a dias em um Hospital na capital Palmas, onde lutava contra problemas\ngraves de sa\u00fade. Ele tamb\u00e9m era escritor e membro da Academia Paraisense de\nLetras da cidade de Para\u00edso do Tocantins e chegou a publicar v\u00e1rias obras,\nsendo a mais conhecida:&nbsp;\u2018S\u00edmbolo\ndo Esp\u00edrito Santo\u2019.<\/p>\n\n\n\n<p>Pastor Cavalcante foi reconhecido na\nAcademia Paraisense de Letras onde tomou posse como imortal em 02 de fevereiro\nde 2015, onde sempre atuou com muita dedica\u00e7\u00e3o. Sua \u00faltima obra publicada foi\nintitulado: \u201cA Soberania de Deus!\u201d.<\/p>\n\n\n\n<p>Durante a sua trajet\u00f3ria, pastoreou\nv\u00e1rias igrejas, entre as igrejas que ele pastoreou est\u00e3o: Para\u00edso do Tocantins,\nCarolina -MA, Concei\u00e7\u00e3o do Araguaia -PA, Estreito \u2013 MA, entre outras. S\u00f3 na\nSede na cidade de Para\u00edso do Tocantins foram tr\u00eas passagens, sendo eles nos\nanos de 1987 a 1989; 1992 a 1995; e 1986 a 2000.<\/p>\n\n\n\n<p>Pastor Jos\u00e9 Cavalcante deixa esposa,\ne nove filhos, sendo sete mulheres e dois homens, al\u00e9m de v\u00e1rios netos e\nbisnetos e ainda um legado de uma vida exemplar, de submiss\u00e3o a Deus, dedica\u00e7\u00e3o\ne trabalho que ser\u00e1 lembrado por gera\u00e7\u00f5es.<\/p>\n\n\n\n<p><strong>O Deputado Federal Eli Borges emitiu nota de pesar pelo falecimento do pastor e amigo de longas datas Jos\u00e9 Cavalcante.<\/strong><\/p>\n\n\n\n<p><strong><em>NOTA<\/em><\/strong><\/p>\n\n\n\n<p><em>Lamentamos profundamente o falecimento\ndo Pastor Cavalcante, um dos pioneiros da CIADSETA. Este grande homem de Deus\npastoreou as cidades de Para\u00edso do Tocantins (TO), Carolina (MA), Concei\u00e7\u00e3o do\nAraguaia (PA), Estreito (MA) e muitas outras.<\/em><em><\/em><\/p>\n\n\n\n<p><em>Tamb\u00e9m recebeu do Senhor o dom de\nescrever livros para a edifica\u00e7\u00e3o do Corpo de Cristo. Um homem de muita ora\u00e7\u00e3o\ne intensidade em seu relacionamento com Deus. Agora, o Pai o recebe em seus\nbra\u00e7os. Que o Esp\u00edrito Santo console os cora\u00e7\u00f5es de seus familiares e amigos\nneste momento de pesar.<\/em><em><\/em><\/p>\n\n\n\n<p><em>\u201cEu sou a ressurrei\u00e7\u00e3o e a vida. Aquele\nque cr\u00ea em mim, ainda que morra, viver\u00e1; e quem vive e cr\u00ea em mim, n\u00e3o morrer\u00e1\neternamente. Voc\u00ea cr\u00ea nisso?\u201d Jo\u00e3o 11:25-26<\/em><em><\/em><\/p>\n\n\n\n<p><em>Eli Borges \u2013 Deputado Federal<\/em><\/p>\n\n\n\n<p>Fonte: portaldoamaral<\/p>\n","protected":false},"excerpt":{"rendered":"<p>Faleceu nesta segunda-feira, 18, aos 76 anos de idade na capital Palmas, o pastor Jos\u00e9 Cavalcante, um dos pioneiros das Igrejas Assembleias de Deus \u2013 da Conven\u00e7\u00e3o CiadSeta. Pastor Jos\u00e9 Cavalcante estava internado a dias em um Hospital na capital Palmas, onde lutava contra problemas graves de sa\u00fade. Ele tamb\u00e9m era escritor e membro da [&hellip;]<\/p>\n","protected":false},"author":2,"featured_media":11064,"comment_status":"open","ping_status":"open","sticky":false,"template":"","format":"standard","meta":[],"categories":[8],"tags":[],"_links":{"self":[{"href":"https:\/\/dgospel.com.br\/portal\/index.php\/wp-json\/wp\/v2\/posts\/11063"}],"collection":[{"href":"https:\/\/dgospel.com.br\/portal\/index.php\/wp-json\/wp\/v2\/posts"}],"about":[{"href":"https:\/\/dgospel.com.br\/portal\/index.php\/wp-json\/wp\/v2\/types\/post"}],"author":[{"embeddable":true,"href":"https:\/\/dgospel.com.br\/portal\/index.php\/wp-json\/wp\/v2\/users\/2"}],"replies":[{"embeddable":true,"href":"https:\/\/dgospel.com.br\/portal\/index.php\/wp-json\/wp\/v2\/comments?post=11063"}],"version-history":[{"count":2,"href":"https:\/\/dgospel.com.br\/portal\/index.php\/wp-json\/wp\/v2\/posts\/11063\/revisions"}],"predecessor-version":[{"id":11069,"href":"https:\/\/dgospel.com.br\/portal\/index.php\/wp-json\/wp\/v2\/posts\/11063\/revisions\/11069"}],"wp:featuredmedia":[{"embeddable":true,"href":"https:\/\/dgospel.com.br\/portal\/index.php\/wp-json\/wp\/v2\/media\/11064"}],"wp:attachment":[{"href":"https:\/\/dgospel.com.br\/portal\/index.php\/wp-json\/wp\/v2\/media?parent=11063"}],"wp:term":[{"taxonomy":"category","embeddable":true,"href":"https:\/\/dgospel.com.br\/portal\/index.php\/wp-json\/wp\/v2\/categories?post=11063"},{"taxonomy":"post_tag","embeddable":true,"href":"https:\/\/dgospel.com.br\/portal\/index.php\/wp-json\/wp\/v2\/tags?post=11063"}],"curies":[{"name":"wp","href":"https:\/\/api.w.org\/{rel}","templated":true}]}}