{"id":11066,"date":"2022-04-21T10:30:47","date_gmt":"2022-04-21T13:30:47","guid":{"rendered":"http:\/\/dgospel.com.br\/portal\/?p=11066"},"modified":"2022-04-21T10:30:47","modified_gmt":"2022-04-21T13:30:47","slug":"eli-borges-defende-daniel-silveira-de-abusos-do-stf-virou-um-exemplo-de-resistencia-da-democracia","status":"publish","type":"post","link":"https:\/\/dgospel.com.br\/portal\/index.php\/2022\/04\/21\/eli-borges-defende-daniel-silveira-de-abusos-do-stf-virou-um-exemplo-de-resistencia-da-democracia\/","title":{"rendered":"Eli Borges defende Daniel Silveira de abusos do STF \u201cVirou um exemplo de resist\u00eancia da democracia&#8221;"},"content":{"rendered":"\n<p>O Deputado Federal Eli Borges (PL-TO), durante o uso da palavra no plen\u00e1rio da C\u00e2mara dos Deputados, na manh\u00e3 desta quarta-feira (20), defendeu o deputado Daniel Silveira (PTB-RJ) contra abusos praticados pelo ministro do Supremo Tribunal Federal (STF), Alexandre de Moraes.<\/p>\n\n\n\n<p>A fala de Borges faz frente \u00e0 rejei\u00e7\u00e3o de Moraes ao recurso apresentado em defesa de Silveira, alegando que o advogado do parlamentar &#8220;abusou do direito de recorrer&#8221;, multando a defesa R$2 mil.<\/p>\n\n\n\n<p>&#8220;Eu n\u00e3o poderia deixar passar em branco, em nome da democracia deste pa\u00eds, que o nosso amigo Deputado Daniel Silveira virou um exemplo de resist\u00eancia da democracia, fazendo um enfrentamento ao Supremo Tribunal Federal no sagrado direito deste poder de opini\u00f5es, palavras e votos&#8221;, argumentou o deputado.<\/p>\n\n\n\n<p>Como porta-voz da bancada evang\u00e9lica,<br>\nEli Borges ainda ressaltou que Daniel n\u00e3o enfrenta essa luta sozinho e que o Brasil segue com ele em nome da democracia e contra movimentos question\u00e1veis do judici\u00e1rio.<\/p>\n\n\n\n<p>\u201cEu sei que sua alma se angustia em fun\u00e7\u00e3o de tudo isso, mas o senhor fez um enfrentamento que, na verdade, n\u00e3o foi apenas o senhor\u201d, disse o parlamento. \u201cO senhor observa o coro que Brasil faz quando o senhor se movimenta e um pol\u00edtico tem que se movimentar&#8221;, completou. <\/p>\n\n\n\n<p>Daniel Silveira deve ser julgado na tarde de hoje, acusado de incentivar atos antidemocr\u00e1ticos. <\/p>\n\n\n\n<p>O Deputado Eli Borges se op\u00f5e ao fato de que um deputado democraticamente eleito seja perseguido por suas opini\u00f5es e deseja que a justi\u00e7a e a democracia prevale\u00e7am nesse julgamento.<\/p>\n","protected":false},"excerpt":{"rendered":"<p>O Deputado Federal Eli Borges (PL-TO), durante o uso da palavra no plen\u00e1rio da C\u00e2mara dos Deputados, na manh\u00e3 desta quarta-feira (20), defendeu o deputado Daniel Silveira (PTB-RJ) contra abusos praticados pelo ministro do Supremo Tribunal Federal (STF), Alexandre de Moraes. A fala de Borges faz frente \u00e0 rejei\u00e7\u00e3o de Moraes ao recurso apresentado em [&hellip;]<\/p>\n","protected":false},"author":2,"featured_media":11067,"comment_status":"open","ping_status":"open","sticky":false,"template":"","format":"standard","meta":[],"categories":[8],"tags":[],"_links":{"self":[{"href":"https:\/\/dgospel.com.br\/portal\/index.php\/wp-json\/wp\/v2\/posts\/11066"}],"collection":[{"href":"https:\/\/dgospel.com.br\/portal\/index.php\/wp-json\/wp\/v2\/posts"}],"about":[{"href":"https:\/\/dgospel.com.br\/portal\/index.php\/wp-json\/wp\/v2\/types\/post"}],"author":[{"embeddable":true,"href":"https:\/\/dgospel.com.br\/portal\/index.php\/wp-json\/wp\/v2\/users\/2"}],"replies":[{"embeddable":true,"href":"https:\/\/dgospel.com.br\/portal\/index.php\/wp-json\/wp\/v2\/comments?post=11066"}],"version-history":[{"count":1,"href":"https:\/\/dgospel.com.br\/portal\/index.php\/wp-json\/wp\/v2\/posts\/11066\/revisions"}],"predecessor-version":[{"id":11068,"href":"https:\/\/dgospel.com.br\/portal\/index.php\/wp-json\/wp\/v2\/posts\/11066\/revisions\/11068"}],"wp:featuredmedia":[{"embeddable":true,"href":"https:\/\/dgospel.com.br\/portal\/index.php\/wp-json\/wp\/v2\/media\/11067"}],"wp:attachment":[{"href":"https:\/\/dgospel.com.br\/portal\/index.php\/wp-json\/wp\/v2\/media?parent=11066"}],"wp:term":[{"taxonomy":"category","embeddable":true,"href":"https:\/\/dgospel.com.br\/portal\/index.php\/wp-json\/wp\/v2\/categories?post=11066"},{"taxonomy":"post_tag","embeddable":true,"href":"https:\/\/dgospel.com.br\/portal\/index.php\/wp-json\/wp\/v2\/tags?post=11066"}],"curies":[{"name":"wp","href":"https:\/\/api.w.org\/{rel}","templated":true}]}}