{"id":11071,"date":"2022-04-21T10:49:02","date_gmt":"2022-04-21T13:49:02","guid":{"rendered":"http:\/\/dgospel.com.br\/portal\/?p=11071"},"modified":"2022-04-21T10:49:02","modified_gmt":"2022-04-21T13:49:02","slug":"vereador-rubens-uchoa-solicita-ao-poder-executivo-biblioteca-municipal-na-regiao-sul-da-capital","status":"publish","type":"post","link":"https:\/\/dgospel.com.br\/portal\/index.php\/2022\/04\/21\/vereador-rubens-uchoa-solicita-ao-poder-executivo-biblioteca-municipal-na-regiao-sul-da-capital\/","title":{"rendered":"Vereador Rubens Uch\u00f4a solicita ao Poder Executivo biblioteca municipal na Regi\u00e3o Sul da Capital"},"content":{"rendered":"\n<p>O vereador Rubens Uch\u00f4a apresentou um requerimento de sua autoria onde solicitou \u00e0 o Chefe do Poder Executivo Municipal que promova a constru\u00e7\u00e3o de uma Biblioteca Municipal na regi\u00e3o Sul de Palmas.<\/p>\n\n\n\n<p>O vereador explicou que apresentou essa solicita\u00e7\u00e3o pois considera a import\u00e2ncia de incentivar e promover a cultura e o desenvolvimento intelectual da sociedade. \u201cFaz-se necess\u00e1rio a implanta\u00e7\u00e3o de um espa\u00e7o onde a popula\u00e7\u00e3o possa ter acesso ao conhecimento, principalmente por meio de livros\u201d, finalizou.<\/p>\n","protected":false},"excerpt":{"rendered":"<p>O vereador Rubens Uch\u00f4a apresentou um requerimento de sua autoria onde solicitou \u00e0 o Chefe do Poder Executivo Municipal que promova a constru\u00e7\u00e3o de uma Biblioteca Municipal na regi\u00e3o Sul de Palmas. O vereador explicou que apresentou essa solicita\u00e7\u00e3o pois considera a import\u00e2ncia de incentivar e promover a cultura e o desenvolvimento intelectual da sociedade. [&hellip;]<\/p>\n","protected":false},"author":2,"featured_media":11072,"comment_status":"open","ping_status":"open","sticky":false,"template":"","format":"standard","meta":[],"categories":[8],"tags":[],"_links":{"self":[{"href":"https:\/\/dgospel.com.br\/portal\/index.php\/wp-json\/wp\/v2\/posts\/11071"}],"collection":[{"href":"https:\/\/dgospel.com.br\/portal\/index.php\/wp-json\/wp\/v2\/posts"}],"about":[{"href":"https:\/\/dgospel.com.br\/portal\/index.php\/wp-json\/wp\/v2\/types\/post"}],"author":[{"embeddable":true,"href":"https:\/\/dgospel.com.br\/portal\/index.php\/wp-json\/wp\/v2\/users\/2"}],"replies":[{"embeddable":true,"href":"https:\/\/dgospel.com.br\/portal\/index.php\/wp-json\/wp\/v2\/comments?post=11071"}],"version-history":[{"count":1,"href":"https:\/\/dgospel.com.br\/portal\/index.php\/wp-json\/wp\/v2\/posts\/11071\/revisions"}],"predecessor-version":[{"id":11073,"href":"https:\/\/dgospel.com.br\/portal\/index.php\/wp-json\/wp\/v2\/posts\/11071\/revisions\/11073"}],"wp:featuredmedia":[{"embeddable":true,"href":"https:\/\/dgospel.com.br\/portal\/index.php\/wp-json\/wp\/v2\/media\/11072"}],"wp:attachment":[{"href":"https:\/\/dgospel.com.br\/portal\/index.php\/wp-json\/wp\/v2\/media?parent=11071"}],"wp:term":[{"taxonomy":"category","embeddable":true,"href":"https:\/\/dgospel.com.br\/portal\/index.php\/wp-json\/wp\/v2\/categories?post=11071"},{"taxonomy":"post_tag","embeddable":true,"href":"https:\/\/dgospel.com.br\/portal\/index.php\/wp-json\/wp\/v2\/tags?post=11071"}],"curies":[{"name":"wp","href":"https:\/\/api.w.org\/{rel}","templated":true}]}}