{"id":11077,"date":"2022-04-21T11:08:46","date_gmt":"2022-04-21T14:08:46","guid":{"rendered":"http:\/\/dgospel.com.br\/portal\/?p=11077"},"modified":"2022-04-21T11:08:46","modified_gmt":"2022-04-21T14:08:46","slug":"camara-de-palmas-homenageia-igrejas-pelos-servicos-prestados-durante-a-pandemia-da-covid-19","status":"publish","type":"post","link":"https:\/\/dgospel.com.br\/portal\/index.php\/2022\/04\/21\/camara-de-palmas-homenageia-igrejas-pelos-servicos-prestados-durante-a-pandemia-da-covid-19\/","title":{"rendered":"C\u00e2mara de Palmas homenageia Igrejas pelos servi\u00e7os prestados durante a pandemia da COVID 19"},"content":{"rendered":"\n<p>A C\u00e2mara Municipal de Palmas realizou na manh\u00e3 desta quarta-feira, 20, Sess\u00e3o Solene em homenagem \u00e0s Igrejas pelos servi\u00e7os prestados durante a pandemia. O requerimento \u00e9 do vereador Daniel Nascimento (Republicanos).<\/p>\n\n\n\n<p>Daniel Nascimentos explicou o que motivou o requerimento para realiza\u00e7\u00e3o da Sess\u00e3o Solene. \u201cDurante a pandemia ficou mais do que o provado a import\u00e2ncia do trabalho das igrejas. As igrejas n\u00e3o pararam, pelo contr\u00e1rio, multiplicaram seu trabalho, a assist\u00eancia, o atendimento social.&nbsp; Vimos muitas pessoas desesperadas sem saber o que iria acontecer, ningu\u00e9m sabia o que estava por vir, e nessa hora as igrejas estavam ali, com teu trabalho social, com atendimento espiritual, aconselhando, acalmando, orientando as pessoas\u201d, comentou.<\/p>\n\n\n\n<p>Como de costume, cada vereador indicou um homenageado, sendo eles:<\/p>\n\n\n\n<p>Prof\u00aa. Janad Valcari homenageou a Igreja Videira de Palmas<\/p>\n\n\n\n<p>Daniel Nascimento homenageou a Igreja Universal do Reino de Deus<\/p>\n\n\n\n<p>Solange Duailibe homenageou a Igreja Apost\u00f3lica Amor e Vida &nbsp;&nbsp;&nbsp;&nbsp;&nbsp;&nbsp;&nbsp;&nbsp;&nbsp;&nbsp;&nbsp;&nbsp;&nbsp;<\/p>\n\n\n\n<p>Laudecy Coimbra homenageou a Comunidade Cat\u00f3lica Sementes do Verbo&nbsp;&nbsp;&nbsp;&nbsp;<\/p>\n\n\n\n<p>Marilon Barbosa homenageou a Primeira Igreja Batista de Taquaru\u00e7u<\/p>\n\n\n\n<p>M\u00e1rcio Reis homenageou a Igreja Minist\u00e9rio Cristo Vive<\/p>\n\n\n\n<p>Prof\u00aa. Iolanda Castro homenageou a &nbsp;&nbsp;&nbsp; Igreja Casa da B\u00ean\u00e7\u00e3o &nbsp;&nbsp;&nbsp;&nbsp;&nbsp;&nbsp;&nbsp;&nbsp;&nbsp;&nbsp;&nbsp;&nbsp;&nbsp;&nbsp;&nbsp;&nbsp;&nbsp;<\/p>\n\n\n\n<p>Folha&nbsp;&nbsp;&nbsp;&nbsp; homenageou a Igreja Assembl\u00e9ia de Deus Minist\u00e9rio Miss\u00e3o em Tocantins &nbsp;&nbsp;&nbsp;&nbsp;&nbsp;<\/p>\n\n\n\n<p>J\u00fanior Bras\u00e3o homenageou o&nbsp;&nbsp;&nbsp; Minist\u00e9rio Celestial Chure&nbsp;&nbsp;&nbsp;&nbsp;&nbsp;&nbsp;&nbsp;&nbsp;&nbsp;&nbsp;<\/p>\n\n\n\n<p>Moisemar Marinho homenageou a Igreja Internacional da Gra\u00e7a de Deus&nbsp;&nbsp;&nbsp;&nbsp;&nbsp;&nbsp;&nbsp;&nbsp;<\/p>\n\n\n\n<p>Waldson da Agesp homenageou a Igreja Batista Livre Renovada do Brasil &nbsp;&nbsp;&nbsp;&nbsp;&nbsp;&nbsp;&nbsp;&nbsp;<\/p>\n\n\n\n<p>Filipe Martins homenageou a Igreja de Jesus Cristo dos Santos dos \u00daltimos dias&nbsp;&nbsp;&nbsp;&nbsp;&nbsp;&nbsp;&nbsp;&nbsp;&nbsp;&nbsp;&nbsp;&nbsp;<\/p>\n\n\n\n<p>Joatan&nbsp; homenageou a Igreja Cat\u00f3lica Apost\u00f3lica Romana &#8211; Arquidiocese de Palmas &nbsp;&nbsp;&nbsp;<\/p>\n\n\n\n<p>Rog\u00e9rio Freitas homenageou a Igreja de Cristo &#8211; Minist\u00e9rio Apost\u00f3lico Nova Terra-MANT&nbsp;&nbsp;&nbsp;&nbsp;&nbsp;&nbsp;&nbsp;&nbsp;&nbsp;<\/p>\n\n\n\n<p>Mauro Lacerda homenageou o Centro Juvenil Salesiano Dom Bosco &nbsp;&nbsp;&nbsp;<\/p>\n\n\n\n<p>Jucelino Rodrigues homenageou a Par\u00f3quia S\u00e3o Lu\u00eds Orione&nbsp;&nbsp;&nbsp;&nbsp;<\/p>\n\n\n\n<p>Eudes Assis homenageou a Assembleia de Deus Miss\u00e3o \u2013 Projeto Restaurando Vidas<\/p>\n\n\n\n<p>Rubens Uch\u00f4a homenageou a Assembl\u00e9ia de Deus \u2013 Ciadseta AD4&nbsp;&nbsp;&nbsp;&nbsp;&nbsp;&nbsp;<\/p>\n","protected":false},"excerpt":{"rendered":"<p>A C\u00e2mara Municipal de Palmas realizou na manh\u00e3 desta quarta-feira, 20, Sess\u00e3o Solene em homenagem \u00e0s Igrejas pelos servi\u00e7os prestados durante a pandemia. O requerimento \u00e9 do vereador Daniel Nascimento (Republicanos). Daniel Nascimentos explicou o que motivou o requerimento para realiza\u00e7\u00e3o da Sess\u00e3o Solene. \u201cDurante a pandemia ficou mais do que o provado a import\u00e2ncia [&hellip;]<\/p>\n","protected":false},"author":2,"featured_media":11078,"comment_status":"open","ping_status":"open","sticky":false,"template":"","format":"standard","meta":[],"categories":[4],"tags":[],"_links":{"self":[{"href":"https:\/\/dgospel.com.br\/portal\/index.php\/wp-json\/wp\/v2\/posts\/11077"}],"collection":[{"href":"https:\/\/dgospel.com.br\/portal\/index.php\/wp-json\/wp\/v2\/posts"}],"about":[{"href":"https:\/\/dgospel.com.br\/portal\/index.php\/wp-json\/wp\/v2\/types\/post"}],"author":[{"embeddable":true,"href":"https:\/\/dgospel.com.br\/portal\/index.php\/wp-json\/wp\/v2\/users\/2"}],"replies":[{"embeddable":true,"href":"https:\/\/dgospel.com.br\/portal\/index.php\/wp-json\/wp\/v2\/comments?post=11077"}],"version-history":[{"count":1,"href":"https:\/\/dgospel.com.br\/portal\/index.php\/wp-json\/wp\/v2\/posts\/11077\/revisions"}],"predecessor-version":[{"id":11079,"href":"https:\/\/dgospel.com.br\/portal\/index.php\/wp-json\/wp\/v2\/posts\/11077\/revisions\/11079"}],"wp:featuredmedia":[{"embeddable":true,"href":"https:\/\/dgospel.com.br\/portal\/index.php\/wp-json\/wp\/v2\/media\/11078"}],"wp:attachment":[{"href":"https:\/\/dgospel.com.br\/portal\/index.php\/wp-json\/wp\/v2\/media?parent=11077"}],"wp:term":[{"taxonomy":"category","embeddable":true,"href":"https:\/\/dgospel.com.br\/portal\/index.php\/wp-json\/wp\/v2\/categories?post=11077"},{"taxonomy":"post_tag","embeddable":true,"href":"https:\/\/dgospel.com.br\/portal\/index.php\/wp-json\/wp\/v2\/tags?post=11077"}],"curies":[{"name":"wp","href":"https:\/\/api.w.org\/{rel}","templated":true}]}}