{"id":11090,"date":"2022-04-22T18:27:49","date_gmt":"2022-04-22T21:27:49","guid":{"rendered":"http:\/\/dgospel.com.br\/portal\/?p=11090"},"modified":"2022-04-22T18:27:50","modified_gmt":"2022-04-22T21:27:50","slug":"cerca-de-20-mil-pessoas-no-encerramento-da-45a-ago-da-cgadb","status":"publish","type":"post","link":"https:\/\/dgospel.com.br\/portal\/index.php\/2022\/04\/22\/cerca-de-20-mil-pessoas-no-encerramento-da-45a-ago-da-cgadb\/","title":{"rendered":"Cerca de 20 mil pessoas no encerramento da 45\u00aa AGO da CGADB"},"content":{"rendered":"\n<p>O encerramento da 45\u00aa Assembleia Geral Ordin\u00e1ria da Conven\u00e7\u00e3o Geral dos Ministros das Igrejas Evang\u00e9licas Assembleias de Deus do Brasil (CGADB), realizado na noite desta quinta-feira (21) no Grande Templo da AD em Cuiab\u00e1 (MT), fez jus ao nome: \u201cImpactar\u201d. O que se viu no culto festivo, que reuniu cerca de 20 mil pessoas, foram vidas impactadas desde o primeiro momento.<\/p>\n\n\n\n<p>Ap\u00f3s a ora\u00e7\u00e3o inicial, feita pelo pastor Perci Fontoura, 4\u00ba vice-presidente da CGADB, entoados pelo cantor Emerson Pedrosa, os hinos da Harpa Crist\u00e3, n\u00fameros 535 e 242, deram o tom congregacional.<\/p>\n\n\n\n<p>Pastor Jos\u00e9 Carlos de Lima, 2\u00ba vice-presidente da CGADB, leu o texto b\u00edblico de Daniel 1.1-4 e orou em seguida. Louvando ao Senhor, os cantores Clayton Queiroz e Sara Farias, e os Corais da Uni\u00e3o da Mocidade das Assembleias de Deus \u2013 Minist\u00e9rio do Bel\u00e9m em S\u00e3o Paulo (Umadeb) e da Uni\u00e3o de Mocidade das Assembleias de Deus de Cuiab\u00e1 e Regi\u00e3o (Ucadecre) conduziram os presentes em adora\u00e7\u00e3o tipicamente pentecostal, com manifesta\u00e7\u00f5es de sons de \u201cgl\u00f3ria a Deus\u201d, \u201caleluia\u201d e l\u00ednguas estranhas.<\/p>\n\n\n\n<p>Dirigente do culto, o pastor Jos\u00e9 Wellington Bezerra da Costa Neto, presidente do Conselho Nacional da Juventude Assembleiana (CNJ), agradeceu a todos os que se envolveram na organiza\u00e7\u00e3o para que o encontro jovem fosse poss\u00edvel e ocorresse a contento. Ele ainda falou sobre projetos do CNJ em processo de amplia\u00e7\u00e3o, como o Teologizando, e de implanta\u00e7\u00e3o, como a Rede de Apoio Espiritual e Emocional (REAPE), e destacou o lan\u00e7amento nacional do filme Ben\u00e9 (que, com participa\u00e7\u00e3o de jovens maranhenses da AD, narra a hist\u00f3ria real de convers\u00e3o de um ex-criminoso), previsto para novembro deste ano, com o apoio do CNJ.<\/p>\n\n\n\n<p>Na ocasi\u00e3o, os membros da nova composi\u00e7\u00e3o do CNJ foram diplomados e receberam posse em seus cargos com ora\u00e7\u00e3o feita pelo pastor Irineu Lima Pereira, membro do Conselho Regional Sudeste.<\/p>\n\n\n\n<p>Pastor Jos\u00e9 Wellington Costa Junior, presidente da CGADB, agradeceu \u00e0 lideran\u00e7a da Conven\u00e7\u00e3o dos Ministros das Assembleias de Deus no Estado de Mato Grosso (COMADEMAT) e da AD em Cuiab\u00e1, em nome da Mesa Diretora e fam\u00edlia, a todas as equipes pelo envolvimento e dedica\u00e7\u00e3o na organiza\u00e7\u00e3o do evento.<\/p>\n\n\n\n<p>Pastor \u00c2ngelo Galv\u00e3o, l\u00edder da AD Minist\u00e9rio do Bel\u00e9m em Mogi Mirim (SP), ministrou a Palavra. Ele leu em Isa\u00edas 56.3 e deu o seguinte t\u00edtulo \u00e0 mensagem: \u201cDeus tem uma resposta para a minha gera\u00e7\u00e3o\u201d. Ao final da mensagem, o avivamento gerou a convers\u00e3o de 22 pessoas a Jesus. Pastor<\/p>\n\n\n\n<p>\u00c2ngelo encerrou sua participa\u00e7\u00e3o com um brado, juntamente com toda a igreja: \u201cEu n\u00e3o sou \u00e1rvore seca, Deus me renovou!\u201d.<\/p>\n\n\n\n<p>Ap\u00f3s entregas de placas de reconhecimento da CGADB aos pastores Silas Paulo e \u00c2ngelo Galv\u00e3o; placa da AD em Cuiab\u00e1 em homenagem ao pastor Jos\u00e9 Wellington Costa Junior, das m\u00e3os do pastor Silas Paulo, l\u00edder da AD cuiabana; mo\u00e7\u00e3o de aplausos da Assembleia Legislativa de Mato Grosso, por meio do deputado Sebasti\u00e3o Resende, aos pastores Jos\u00e9 Wellington Bezerra da Costa e Jos\u00e9 Wellington Costa Junior; e homenagem da irm\u00e3 Cidinha, esposa do pastor Silas Paulo, em nome das mulheres da AD em Cuiab\u00e1, \u00e0 irm\u00e3 L\u00eddia Dantas, l\u00edder da Unemad; o pastor Geraldino Silva, 4\u00ba secret\u00e1rio da CGADB, fez a ora\u00e7\u00e3o final e o pastor Jos\u00e9 Wellington Costa Junior impetrou a B\u00ean\u00e7\u00e3o Apost\u00f3lica.<\/p>\n\n\n\n<p><em>Fonte CPAD News &#8211; Fotos: Tiago Bertulino<\/em><\/p>\n","protected":false},"excerpt":{"rendered":"<p>O encerramento da 45\u00aa Assembleia Geral Ordin\u00e1ria da Conven\u00e7\u00e3o Geral dos Ministros das Igrejas Evang\u00e9licas Assembleias de Deus do Brasil (CGADB), realizado na noite desta quinta-feira (21) no Grande Templo da AD em Cuiab\u00e1 (MT), fez jus ao nome: \u201cImpactar\u201d. O que se viu no culto festivo, que reuniu cerca de 20 mil pessoas, foram [&hellip;]<\/p>\n","protected":false},"author":2,"featured_media":11091,"comment_status":"open","ping_status":"open","sticky":false,"template":"","format":"standard","meta":[],"categories":[5],"tags":[13],"_links":{"self":[{"href":"https:\/\/dgospel.com.br\/portal\/index.php\/wp-json\/wp\/v2\/posts\/11090"}],"collection":[{"href":"https:\/\/dgospel.com.br\/portal\/index.php\/wp-json\/wp\/v2\/posts"}],"about":[{"href":"https:\/\/dgospel.com.br\/portal\/index.php\/wp-json\/wp\/v2\/types\/post"}],"author":[{"embeddable":true,"href":"https:\/\/dgospel.com.br\/portal\/index.php\/wp-json\/wp\/v2\/users\/2"}],"replies":[{"embeddable":true,"href":"https:\/\/dgospel.com.br\/portal\/index.php\/wp-json\/wp\/v2\/comments?post=11090"}],"version-history":[{"count":1,"href":"https:\/\/dgospel.com.br\/portal\/index.php\/wp-json\/wp\/v2\/posts\/11090\/revisions"}],"predecessor-version":[{"id":11092,"href":"https:\/\/dgospel.com.br\/portal\/index.php\/wp-json\/wp\/v2\/posts\/11090\/revisions\/11092"}],"wp:featuredmedia":[{"embeddable":true,"href":"https:\/\/dgospel.com.br\/portal\/index.php\/wp-json\/wp\/v2\/media\/11091"}],"wp:attachment":[{"href":"https:\/\/dgospel.com.br\/portal\/index.php\/wp-json\/wp\/v2\/media?parent=11090"}],"wp:term":[{"taxonomy":"category","embeddable":true,"href":"https:\/\/dgospel.com.br\/portal\/index.php\/wp-json\/wp\/v2\/categories?post=11090"},{"taxonomy":"post_tag","embeddable":true,"href":"https:\/\/dgospel.com.br\/portal\/index.php\/wp-json\/wp\/v2\/tags?post=11090"}],"curies":[{"name":"wp","href":"https:\/\/api.w.org\/{rel}","templated":true}]}}