{"id":11093,"date":"2022-04-22T22:51:44","date_gmt":"2022-04-23T01:51:44","guid":{"rendered":"http:\/\/dgospel.com.br\/portal\/?p=11093"},"modified":"2022-04-22T22:51:45","modified_gmt":"2022-04-23T01:51:45","slug":"temer-sugere-a-bolsonaro-que-revogue-perdao-e-ganha-um-nao","status":"publish","type":"post","link":"https:\/\/dgospel.com.br\/portal\/index.php\/2022\/04\/22\/temer-sugere-a-bolsonaro-que-revogue-perdao-e-ganha-um-nao\/","title":{"rendered":"Temer sugere a Bolsonaro que revogue perd\u00e3o e ganha um \u2018n\u00e3o\u2019"},"content":{"rendered":"\n<p> Na noite desta sexta-feira (22), o presidente Jair Bolsonaro utilizou as redes sociais para rebater uma reportagem da CNN Brasil dizendo que o ex-presidente Michel Temer sugeriu, ao presidente Jair Bolsonaro, que revogasse o perd\u00e3o concedido ao deputado federal Daniel Silveira (PTB-SP). O parlamentar foi condenado pelo Supremo Tribunal Federal (STF) a 8 anos e 9 meses de pris\u00e3o. <\/p>\n\n\n\n<p> Temer fez a sugest\u00e3o em uma nota divulgada \u00e0 imprensa na tarde desta sexta. A ideia era esperar a conclus\u00e3o do julgamento no Supremo para decidir se concede ou n\u00e3o o benef\u00edcio. <\/p>\n\n\n\n<p>No Twitter, no entanto, Bolsonaro respondeu a publica\u00e7\u00e3o da CNN com um \u201cn\u00e3o\u201d.<\/p>\n\n\n\n<p><strong>Confira a nota de Temer:<\/strong><\/p>\n\n\n\n<p><em>Como a decis\u00e3o do STF sobre o processo contra o deputado Daniel Silveira ainda n\u00e3o transitou em julgado, o ideal, para evitar uma crise institucional entre os poderes, \u00e9 que o Presidente da Rep\u00fablica revogue por ora o decreto e aguarde a conclus\u00e3o do julgamento.<\/em><\/p>\n\n\n\n<p><em>Somente depois disso, o Presidente poder\u00e1, de acordo com a Constitui\u00e7\u00e3o Federal, eventualmente, utilizar-se do instrumento da gra\u00e7a ou do indulto. Este ato poder\u00e1 pacificar as rela\u00e7\u00f5es institucionais e estabelecer um ambiente de tranquilidade na nossa sociedade.<\/em><\/p>\n\n\n\n<p><em>Nesse entre-tempo poder\u00e1 haver di\u00e1logo entre os Poderes. O momento pede cautela, di\u00e1logo e esp\u00edrito p\u00fablico.<\/em><\/p>\n\n\n\n<figure class=\"wp-block-image\"><img src=\"https:\/\/static.cdn.pleno.news\/2022\/04\/Bolso.jpeg\" alt=\"\" class=\"wp-image-934751\"\/><\/figure>\n","protected":false},"excerpt":{"rendered":"<p>Na noite desta sexta-feira (22), o presidente Jair Bolsonaro utilizou as redes sociais para rebater uma reportagem da CNN Brasil dizendo que o ex-presidente Michel Temer sugeriu, ao presidente Jair Bolsonaro, que revogasse o perd\u00e3o concedido ao deputado federal Daniel Silveira (PTB-SP). O parlamentar foi condenado pelo Supremo Tribunal Federal (STF) a 8 anos e [&hellip;]<\/p>\n","protected":false},"author":2,"featured_media":11094,"comment_status":"open","ping_status":"open","sticky":false,"template":"","format":"standard","meta":[],"categories":[4],"tags":[14],"_links":{"self":[{"href":"https:\/\/dgospel.com.br\/portal\/index.php\/wp-json\/wp\/v2\/posts\/11093"}],"collection":[{"href":"https:\/\/dgospel.com.br\/portal\/index.php\/wp-json\/wp\/v2\/posts"}],"about":[{"href":"https:\/\/dgospel.com.br\/portal\/index.php\/wp-json\/wp\/v2\/types\/post"}],"author":[{"embeddable":true,"href":"https:\/\/dgospel.com.br\/portal\/index.php\/wp-json\/wp\/v2\/users\/2"}],"replies":[{"embeddable":true,"href":"https:\/\/dgospel.com.br\/portal\/index.php\/wp-json\/wp\/v2\/comments?post=11093"}],"version-history":[{"count":1,"href":"https:\/\/dgospel.com.br\/portal\/index.php\/wp-json\/wp\/v2\/posts\/11093\/revisions"}],"predecessor-version":[{"id":11095,"href":"https:\/\/dgospel.com.br\/portal\/index.php\/wp-json\/wp\/v2\/posts\/11093\/revisions\/11095"}],"wp:featuredmedia":[{"embeddable":true,"href":"https:\/\/dgospel.com.br\/portal\/index.php\/wp-json\/wp\/v2\/media\/11094"}],"wp:attachment":[{"href":"https:\/\/dgospel.com.br\/portal\/index.php\/wp-json\/wp\/v2\/media?parent=11093"}],"wp:term":[{"taxonomy":"category","embeddable":true,"href":"https:\/\/dgospel.com.br\/portal\/index.php\/wp-json\/wp\/v2\/categories?post=11093"},{"taxonomy":"post_tag","embeddable":true,"href":"https:\/\/dgospel.com.br\/portal\/index.php\/wp-json\/wp\/v2\/tags?post=11093"}],"curies":[{"name":"wp","href":"https:\/\/api.w.org\/{rel}","templated":true}]}}